{"id":7015,"date":"2021-02-03T15:45:32","date_gmt":"2021-02-03T14:45:32","guid":{"rendered":"https:\/\/www.optique-schanen.lu\/neu-exklusiv-matze-marpe\/"},"modified":"2024-07-16T11:15:23","modified_gmt":"2024-07-16T09:15:23","slug":"nouveau-exclusif-matze-marpe","status":"publish","type":"post","link":"https:\/\/www.optique-schanen.lu\/fr\/nouveau-exclusif-matze-marpe\/","title":{"rendered":"Nouveau &#038; exclusif &#8211; Matze Marpe"},"content":{"rendered":"<div class=\"wpb-content-wrapper\"><p>[vc_row][vc_column][vc_empty_space height=\u00a0\u00bb25px\u00a0\u00bb][vc_column_text]<\/p>\n<h2>MATZE MARPE &#8211; NOUVELLE COLLECTION<\/h2>\n<p>[\/vc_column_text][vc_empty_space height=\u00a0\u00bb25px\u00a0\u00bb][vc_column_text]Du papier mm \u00e0 la monture Matze Marpe : Matthias Marpe dessine encore ses lunettes \u00e0 la main.<br \/>\nAvec le soutien des meilleures manufactures d&rsquo;Allemagne, les lunettes sont fabriqu\u00e9es avec un travail minutieux \u00e0 la main. Bien s\u00fbr, 100 % fabriqu\u00e9es en Allemagne.<\/p>\n<p>Que ce soit des montures en ac\u00e9tate poli ou une matit\u00e9 appliqu\u00e9e \u00e0 la main, nos lunettes brillent non seulement par leur surface, mais aussi par leur toucher doux et leur ajustement parfait gr\u00e2ce \u00e0 une surface d&rsquo;appui \u00e9largie.<\/p>\n<p>Les lunettes en acier inoxydable lamin\u00e9 \u00e0 froid de Matze Marpe sont fabriqu\u00e9es dans le sud de l&rsquo;Allemagne et sont exceptionnellement l\u00e9g\u00e8res. La couche de couleur subit \u00e0 elle seule 5 processus de fabrication et re\u00e7oit en finition un vernis de qualit\u00e9 de Suisse.[\/vc_column_text][vc_empty_space height=\u00a0\u00bb25px\u00a0\u00bb][vc_row_inner gap=\u00a0\u00bb35&Prime;][vc_column_inner width=\u00a0\u00bb1\/2&Prime;][vc_single_image image=\u00a0\u00bb6681&Prime; img_size=\u00a0\u00bblarge\u00a0\u00bb][\/vc_column_inner][vc_column_inner width=\u00a0\u00bb1\/2&Prime;][vc_single_image image=\u00a0\u00bb6678&Prime; img_size=\u00a0\u00bblarge\u00a0\u00bb][\/vc_column_inner][\/vc_row_inner][vc_row_inner gap=\u00a0\u00bb35&Prime;][vc_column_inner width=\u00a0\u00bb1\/2&Prime;][vc_single_image image=\u00a0\u00bb6675&Prime; img_size=\u00a0\u00bblarge\u00a0\u00bb][\/vc_column_inner][vc_column_inner width=\u00a0\u00bb1\/2&Prime;][\/vc_column_inner][\/vc_row_inner][vc_empty_space height=\u00a0\u00bb25px\u00a0\u00bb][\/vc_column][\/vc_row]<\/p>\n<\/div>","protected":false},"excerpt":{"rendered":"<p>Nous avons ajout\u00e9 une nouvelle collection.<br \/>\nEnti\u00e8rement FABRIQU\u00c9E EN ALLEMAGNE et totalement exclusive au Luxembourg.<\/p>\n","protected":false},"author":4,"featured_media":6688,"comment_status":"closed","ping_status":"closed","sticky":false,"template":"","format":"standard","meta":{"footnotes":""},"categories":[62],"tags":[],"class_list":["post-7015","post","type-post","status-publish","format-standard","has-post-thumbnail","hentry","category-actualites"],"yoast_head":"<!-- This site is optimized with the Yoast SEO plugin v26.6 - https:\/\/yoast.com\/wordpress\/plugins\/seo\/ -->\n<title>Nouveau &amp; exclusif - Matze Marpe - Optique Schanen<\/title>\n<meta name=\"description\" content=\"Du papier mm \u00e0 la monture Matze Marpe : Matthias Marpe dessine encore ses lunettes \u00e0 la main.\" \/>\n<meta name=\"robots\" content=\"index, follow, max-snippet:-1, max-image-preview:large, max-video-preview:-1\" \/>\n<link rel=\"canonical\" href=\"https:\/\/www.optique-schanen.lu\/fr\/nouveau-exclusif-matze-marpe\/\" \/>\n<meta property=\"og:locale\" content=\"fr_FR\" \/>\n<meta property=\"og:type\" content=\"article\" \/>\n<meta property=\"og:title\" content=\"Nouveau &amp; exclusif - Matze Marpe - Optique Schanen\" \/>\n<meta property=\"og:description\" content=\"Du papier mm \u00e0 la monture Matze Marpe : Matthias Marpe dessine encore ses lunettes \u00e0 la main.\" \/>\n<meta property=\"og:url\" content=\"https:\/\/www.optique-schanen.lu\/fr\/nouveau-exclusif-matze-marpe\/\" \/>\n<meta property=\"og:site_name\" content=\"Optique Schanen\" \/>\n<meta property=\"article:publisher\" content=\"https:\/\/www.facebook.com\/people\/Optique-Schanen\/100063674795469\/\" \/>\n<meta property=\"article:published_time\" content=\"2021-02-03T14:45:32+00:00\" \/>\n<meta property=\"article:modified_time\" content=\"2024-07-16T09:15:23+00:00\" \/>\n<meta property=\"og:image\" content=\"https:\/\/www.optique-schanen.lu\/wp-content\/uploads\/2021\/02\/MM_Logo_negativ_s-ts1622043321.jpg\" \/>\n\t<meta property=\"og:image:width\" content=\"480\" \/>\n\t<meta property=\"og:image:height\" content=\"339\" \/>\n\t<meta property=\"og:image:type\" content=\"image\/jpeg\" \/>\n<meta name=\"author\" content=\"kkremer@time4digital.lu\" \/>\n<meta name=\"twitter:card\" content=\"summary_large_image\" \/>\n<meta name=\"twitter:label1\" content=\"\u00c9crit par\" \/>\n\t<meta name=\"twitter:data1\" content=\"kkremer@time4digital.lu\" \/>\n\t<meta name=\"twitter:label2\" content=\"Dur\u00e9e de lecture estim\u00e9e\" \/>\n\t<meta name=\"twitter:data2\" content=\"1 minute\" \/>\n<script type=\"application\/ld+json\" class=\"yoast-schema-graph\">{\"@context\":\"https:\/\/schema.org\",\"@graph\":[{\"@type\":\"Article\",\"@id\":\"https:\/\/www.optique-schanen.lu\/fr\/nouveau-exclusif-matze-marpe\/#article\",\"isPartOf\":{\"@id\":\"https:\/\/www.optique-schanen.lu\/fr\/nouveau-exclusif-matze-marpe\/\"},\"author\":{\"name\":\"kkremer@time4digital.lu\",\"@id\":\"https:\/\/www.optique-schanen.lu\/fr\/#\/schema\/person\/6ccb5feff6bfc18fbc7ae716b3468f1f\"},\"headline\":\"Nouveau &#038; exclusif &#8211; Matze Marpe\",\"datePublished\":\"2021-02-03T14:45:32+00:00\",\"dateModified\":\"2024-07-16T09:15:23+00:00\",\"mainEntityOfPage\":{\"@id\":\"https:\/\/www.optique-schanen.lu\/fr\/nouveau-exclusif-matze-marpe\/\"},\"wordCount\":241,\"publisher\":{\"@id\":\"https:\/\/www.optique-schanen.lu\/fr\/#organization\"},\"image\":{\"@id\":\"https:\/\/www.optique-schanen.lu\/fr\/nouveau-exclusif-matze-marpe\/#primaryimage\"},\"thumbnailUrl\":\"https:\/\/www.optique-schanen.lu\/wp-content\/uploads\/2021\/02\/MM_Logo_negativ_s-ts1622043321.jpg\",\"articleSection\":[\"Actualit\u00e9s\"],\"inLanguage\":\"fr-FR\"},{\"@type\":\"WebPage\",\"@id\":\"https:\/\/www.optique-schanen.lu\/fr\/nouveau-exclusif-matze-marpe\/\",\"url\":\"https:\/\/www.optique-schanen.lu\/fr\/nouveau-exclusif-matze-marpe\/\",\"name\":\"Nouveau & exclusif - Matze Marpe - Optique Schanen\",\"isPartOf\":{\"@id\":\"https:\/\/www.optique-schanen.lu\/fr\/#website\"},\"primaryImageOfPage\":{\"@id\":\"https:\/\/www.optique-schanen.lu\/fr\/nouveau-exclusif-matze-marpe\/#primaryimage\"},\"image\":{\"@id\":\"https:\/\/www.optique-schanen.lu\/fr\/nouveau-exclusif-matze-marpe\/#primaryimage\"},\"thumbnailUrl\":\"https:\/\/www.optique-schanen.lu\/wp-content\/uploads\/2021\/02\/MM_Logo_negativ_s-ts1622043321.jpg\",\"datePublished\":\"2021-02-03T14:45:32+00:00\",\"dateModified\":\"2024-07-16T09:15:23+00:00\",\"description\":\"Du papier mm \u00e0 la monture Matze Marpe : Matthias Marpe dessine encore ses lunettes \u00e0 la main.\",\"breadcrumb\":{\"@id\":\"https:\/\/www.optique-schanen.lu\/fr\/nouveau-exclusif-matze-marpe\/#breadcrumb\"},\"inLanguage\":\"fr-FR\",\"potentialAction\":[{\"@type\":\"ReadAction\",\"target\":[\"https:\/\/www.optique-schanen.lu\/fr\/nouveau-exclusif-matze-marpe\/\"]}]},{\"@type\":\"ImageObject\",\"inLanguage\":\"fr-FR\",\"@id\":\"https:\/\/www.optique-schanen.lu\/fr\/nouveau-exclusif-matze-marpe\/#primaryimage\",\"url\":\"https:\/\/www.optique-schanen.lu\/wp-content\/uploads\/2021\/02\/MM_Logo_negativ_s-ts1622043321.jpg\",\"contentUrl\":\"https:\/\/www.optique-schanen.lu\/wp-content\/uploads\/2021\/02\/MM_Logo_negativ_s-ts1622043321.jpg\",\"width\":480,\"height\":339},{\"@type\":\"BreadcrumbList\",\"@id\":\"https:\/\/www.optique-schanen.lu\/fr\/nouveau-exclusif-matze-marpe\/#breadcrumb\",\"itemListElement\":[{\"@type\":\"ListItem\",\"position\":1,\"name\":\"Startseite\",\"item\":\"https:\/\/www.optique-schanen.lu\/fr\/\"},{\"@type\":\"ListItem\",\"position\":2,\"name\":\"Nouveau &#038; exclusif &#8211; Matze Marpe\"}]},{\"@type\":\"WebSite\",\"@id\":\"https:\/\/www.optique-schanen.lu\/fr\/#website\",\"url\":\"https:\/\/www.optique-schanen.lu\/fr\/\",\"name\":\"Optique Schanen\",\"description\":\"Optique Schanen in Wasserbillig: Ihr freundlicher und kompetenter Optiker in Luxemburg. F\u00fcr klare Sicht und stilvolle Brillen. Besuchen Sie uns!\",\"publisher\":{\"@id\":\"https:\/\/www.optique-schanen.lu\/fr\/#organization\"},\"potentialAction\":[{\"@type\":\"SearchAction\",\"target\":{\"@type\":\"EntryPoint\",\"urlTemplate\":\"https:\/\/www.optique-schanen.lu\/fr\/?s={search_term_string}\"},\"query-input\":{\"@type\":\"PropertyValueSpecification\",\"valueRequired\":true,\"valueName\":\"search_term_string\"}}],\"inLanguage\":\"fr-FR\"},{\"@type\":\"Organization\",\"@id\":\"https:\/\/www.optique-schanen.lu\/fr\/#organization\",\"name\":\"Optique Schanen\",\"url\":\"https:\/\/www.optique-schanen.lu\/fr\/\",\"logo\":{\"@type\":\"ImageObject\",\"inLanguage\":\"fr-FR\",\"@id\":\"https:\/\/www.optique-schanen.lu\/fr\/#\/schema\/logo\/image\/\",\"url\":\"https:\/\/www.optique-schanen.lu\/wp-content\/uploads\/2023\/09\/seo.jpg\",\"contentUrl\":\"https:\/\/www.optique-schanen.lu\/wp-content\/uploads\/2023\/09\/seo.jpg\",\"width\":1512,\"height\":1134,\"caption\":\"Optique Schanen\"},\"image\":{\"@id\":\"https:\/\/www.optique-schanen.lu\/fr\/#\/schema\/logo\/image\/\"},\"sameAs\":[\"https:\/\/www.facebook.com\/people\/Optique-Schanen\/100063674795469\/\",\"https:\/\/www.instagram.com\/optiqueschanen\/\"]},{\"@type\":\"Person\",\"@id\":\"https:\/\/www.optique-schanen.lu\/fr\/#\/schema\/person\/6ccb5feff6bfc18fbc7ae716b3468f1f\",\"name\":\"kkremer@time4digital.lu\",\"image\":{\"@type\":\"ImageObject\",\"inLanguage\":\"fr-FR\",\"@id\":\"https:\/\/www.optique-schanen.lu\/fr\/#\/schema\/person\/image\/\",\"url\":\"https:\/\/secure.gravatar.com\/avatar\/5e6ad84f0fd6662cdef793b42e28cdcdbe6a879d62a5dee557d4df3a9a9b22d4?s=96&d=mm&r=g\",\"contentUrl\":\"https:\/\/secure.gravatar.com\/avatar\/5e6ad84f0fd6662cdef793b42e28cdcdbe6a879d62a5dee557d4df3a9a9b22d4?s=96&d=mm&r=g\",\"caption\":\"kkremer@time4digital.lu\"}}]}<\/script>\n<!-- \/ Yoast SEO plugin. -->","yoast_head_json":{"title":"Nouveau & exclusif - Matze Marpe - Optique Schanen","description":"Du papier mm \u00e0 la monture Matze Marpe : Matthias Marpe dessine encore ses lunettes \u00e0 la main.","robots":{"index":"index","follow":"follow","max-snippet":"max-snippet:-1","max-image-preview":"max-image-preview:large","max-video-preview":"max-video-preview:-1"},"canonical":"https:\/\/www.optique-schanen.lu\/fr\/nouveau-exclusif-matze-marpe\/","og_locale":"fr_FR","og_type":"article","og_title":"Nouveau & exclusif - Matze Marpe - Optique Schanen","og_description":"Du papier mm \u00e0 la monture Matze Marpe : Matthias Marpe dessine encore ses lunettes \u00e0 la main.","og_url":"https:\/\/www.optique-schanen.lu\/fr\/nouveau-exclusif-matze-marpe\/","og_site_name":"Optique Schanen","article_publisher":"https:\/\/www.facebook.com\/people\/Optique-Schanen\/100063674795469\/","article_published_time":"2021-02-03T14:45:32+00:00","article_modified_time":"2024-07-16T09:15:23+00:00","og_image":[{"width":480,"height":339,"url":"https:\/\/www.optique-schanen.lu\/wp-content\/uploads\/2021\/02\/MM_Logo_negativ_s-ts1622043321.jpg","type":"image\/jpeg"}],"author":"kkremer@time4digital.lu","twitter_card":"summary_large_image","twitter_misc":{"\u00c9crit par":"kkremer@time4digital.lu","Dur\u00e9e de lecture estim\u00e9e":"1 minute"},"schema":{"@context":"https:\/\/schema.org","@graph":[{"@type":"Article","@id":"https:\/\/www.optique-schanen.lu\/fr\/nouveau-exclusif-matze-marpe\/#article","isPartOf":{"@id":"https:\/\/www.optique-schanen.lu\/fr\/nouveau-exclusif-matze-marpe\/"},"author":{"name":"kkremer@time4digital.lu","@id":"https:\/\/www.optique-schanen.lu\/fr\/#\/schema\/person\/6ccb5feff6bfc18fbc7ae716b3468f1f"},"headline":"Nouveau &#038; exclusif &#8211; Matze Marpe","datePublished":"2021-02-03T14:45:32+00:00","dateModified":"2024-07-16T09:15:23+00:00","mainEntityOfPage":{"@id":"https:\/\/www.optique-schanen.lu\/fr\/nouveau-exclusif-matze-marpe\/"},"wordCount":241,"publisher":{"@id":"https:\/\/www.optique-schanen.lu\/fr\/#organization"},"image":{"@id":"https:\/\/www.optique-schanen.lu\/fr\/nouveau-exclusif-matze-marpe\/#primaryimage"},"thumbnailUrl":"https:\/\/www.optique-schanen.lu\/wp-content\/uploads\/2021\/02\/MM_Logo_negativ_s-ts1622043321.jpg","articleSection":["Actualit\u00e9s"],"inLanguage":"fr-FR"},{"@type":"WebPage","@id":"https:\/\/www.optique-schanen.lu\/fr\/nouveau-exclusif-matze-marpe\/","url":"https:\/\/www.optique-schanen.lu\/fr\/nouveau-exclusif-matze-marpe\/","name":"Nouveau & exclusif - Matze Marpe - Optique Schanen","isPartOf":{"@id":"https:\/\/www.optique-schanen.lu\/fr\/#website"},"primaryImageOfPage":{"@id":"https:\/\/www.optique-schanen.lu\/fr\/nouveau-exclusif-matze-marpe\/#primaryimage"},"image":{"@id":"https:\/\/www.optique-schanen.lu\/fr\/nouveau-exclusif-matze-marpe\/#primaryimage"},"thumbnailUrl":"https:\/\/www.optique-schanen.lu\/wp-content\/uploads\/2021\/02\/MM_Logo_negativ_s-ts1622043321.jpg","datePublished":"2021-02-03T14:45:32+00:00","dateModified":"2024-07-16T09:15:23+00:00","description":"Du papier mm \u00e0 la monture Matze Marpe : Matthias Marpe dessine encore ses lunettes \u00e0 la main.","breadcrumb":{"@id":"https:\/\/www.optique-schanen.lu\/fr\/nouveau-exclusif-matze-marpe\/#breadcrumb"},"inLanguage":"fr-FR","potentialAction":[{"@type":"ReadAction","target":["https:\/\/www.optique-schanen.lu\/fr\/nouveau-exclusif-matze-marpe\/"]}]},{"@type":"ImageObject","inLanguage":"fr-FR","@id":"https:\/\/www.optique-schanen.lu\/fr\/nouveau-exclusif-matze-marpe\/#primaryimage","url":"https:\/\/www.optique-schanen.lu\/wp-content\/uploads\/2021\/02\/MM_Logo_negativ_s-ts1622043321.jpg","contentUrl":"https:\/\/www.optique-schanen.lu\/wp-content\/uploads\/2021\/02\/MM_Logo_negativ_s-ts1622043321.jpg","width":480,"height":339},{"@type":"BreadcrumbList","@id":"https:\/\/www.optique-schanen.lu\/fr\/nouveau-exclusif-matze-marpe\/#breadcrumb","itemListElement":[{"@type":"ListItem","position":1,"name":"Startseite","item":"https:\/\/www.optique-schanen.lu\/fr\/"},{"@type":"ListItem","position":2,"name":"Nouveau &#038; exclusif &#8211; Matze Marpe"}]},{"@type":"WebSite","@id":"https:\/\/www.optique-schanen.lu\/fr\/#website","url":"https:\/\/www.optique-schanen.lu\/fr\/","name":"Optique Schanen","description":"Optique Schanen in Wasserbillig: Ihr freundlicher und kompetenter Optiker in Luxemburg. F\u00fcr klare Sicht und stilvolle Brillen. Besuchen Sie uns!","publisher":{"@id":"https:\/\/www.optique-schanen.lu\/fr\/#organization"},"potentialAction":[{"@type":"SearchAction","target":{"@type":"EntryPoint","urlTemplate":"https:\/\/www.optique-schanen.lu\/fr\/?s={search_term_string}"},"query-input":{"@type":"PropertyValueSpecification","valueRequired":true,"valueName":"search_term_string"}}],"inLanguage":"fr-FR"},{"@type":"Organization","@id":"https:\/\/www.optique-schanen.lu\/fr\/#organization","name":"Optique Schanen","url":"https:\/\/www.optique-schanen.lu\/fr\/","logo":{"@type":"ImageObject","inLanguage":"fr-FR","@id":"https:\/\/www.optique-schanen.lu\/fr\/#\/schema\/logo\/image\/","url":"https:\/\/www.optique-schanen.lu\/wp-content\/uploads\/2023\/09\/seo.jpg","contentUrl":"https:\/\/www.optique-schanen.lu\/wp-content\/uploads\/2023\/09\/seo.jpg","width":1512,"height":1134,"caption":"Optique Schanen"},"image":{"@id":"https:\/\/www.optique-schanen.lu\/fr\/#\/schema\/logo\/image\/"},"sameAs":["https:\/\/www.facebook.com\/people\/Optique-Schanen\/100063674795469\/","https:\/\/www.instagram.com\/optiqueschanen\/"]},{"@type":"Person","@id":"https:\/\/www.optique-schanen.lu\/fr\/#\/schema\/person\/6ccb5feff6bfc18fbc7ae716b3468f1f","name":"kkremer@time4digital.lu","image":{"@type":"ImageObject","inLanguage":"fr-FR","@id":"https:\/\/www.optique-schanen.lu\/fr\/#\/schema\/person\/image\/","url":"https:\/\/secure.gravatar.com\/avatar\/5e6ad84f0fd6662cdef793b42e28cdcdbe6a879d62a5dee557d4df3a9a9b22d4?s=96&d=mm&r=g","contentUrl":"https:\/\/secure.gravatar.com\/avatar\/5e6ad84f0fd6662cdef793b42e28cdcdbe6a879d62a5dee557d4df3a9a9b22d4?s=96&d=mm&r=g","caption":"kkremer@time4digital.lu"}}]}},"_links":{"self":[{"href":"https:\/\/www.optique-schanen.lu\/fr\/wp-json\/wp\/v2\/posts\/7015","targetHints":{"allow":["GET"]}}],"collection":[{"href":"https:\/\/www.optique-schanen.lu\/fr\/wp-json\/wp\/v2\/posts"}],"about":[{"href":"https:\/\/www.optique-schanen.lu\/fr\/wp-json\/wp\/v2\/types\/post"}],"author":[{"embeddable":true,"href":"https:\/\/www.optique-schanen.lu\/fr\/wp-json\/wp\/v2\/users\/4"}],"replies":[{"embeddable":true,"href":"https:\/\/www.optique-schanen.lu\/fr\/wp-json\/wp\/v2\/comments?post=7015"}],"version-history":[{"count":0,"href":"https:\/\/www.optique-schanen.lu\/fr\/wp-json\/wp\/v2\/posts\/7015\/revisions"}],"wp:featuredmedia":[{"embeddable":true,"href":"https:\/\/www.optique-schanen.lu\/fr\/wp-json\/wp\/v2\/media\/6688"}],"wp:attachment":[{"href":"https:\/\/www.optique-schanen.lu\/fr\/wp-json\/wp\/v2\/media?parent=7015"}],"wp:term":[{"taxonomy":"category","embeddable":true,"href":"https:\/\/www.optique-schanen.lu\/fr\/wp-json\/wp\/v2\/categories?post=7015"},{"taxonomy":"post_tag","embeddable":true,"href":"https:\/\/www.optique-schanen.lu\/fr\/wp-json\/wp\/v2\/tags?post=7015"}],"curies":[{"name":"wp","href":"https:\/\/api.w.org\/{rel}","templated":true}]}}