{"id":7027,"date":"2020-02-03T15:31:58","date_gmt":"2020-02-03T14:31:58","guid":{"rendered":"https:\/\/www.optique-schanen.lu\/woodys-barcelona\/"},"modified":"2024-11-19T17:15:07","modified_gmt":"2024-11-19T16:15:07","slug":"woodys-barcelona","status":"publish","type":"post","link":"https:\/\/www.optique-schanen.lu\/fr\/woodys-barcelona\/","title":{"rendered":"WOODYS Barcelona : Lunettes jeunes, fra\u00eeches et urbaines"},"content":{"rendered":"<div class=\"wpb-content-wrapper\" id=\"wpb-content-root\"><p>[vc_row][vc_column][vc_empty_space height=\u00a0\u00bb25px\u00a0\u00bb][vc_column_text]<\/p>\n<h2>Nouvelle collection &#8211; WOODYS Barcelona<\/h2>\n<p>[\/vc_column_text][vc_empty_space height=\u00a0\u00bb25px\u00a0\u00bb][vc_column_text]Nous concevons pour toutes les personnes qui \u00e9chappent aux normes \u00e9tablies et d\u00e9cident de suivre leur propre voie. Woodys est une marque jeune, fra\u00eeche et urbaine, cr\u00e9\u00e9e par et pour des personnes qui se sentent diff\u00e9rentes, qui n&rsquo;aiment pas suivre la mode, qui ont une attitude participative et pour qui la couleur est leur religion.<\/p>\n<p>Design, excellence et confort.<\/p>\n<p>Ce sont nos 3 principes directeurs. Nous ne concevons pas seulement des lunettes, nous cr\u00e9ons des exp\u00e9riences. Parce que nous savons que c&rsquo;est plus qu&rsquo;un accessoire, nous travaillons dur pour vous offrir des lunettes r\u00e9sistantes, ergonomiques et durables sans compromis sur le design, la couleur, le style et la finesse.[\/vc_column_text][vc_empty_space height=\u00a0\u00bb25px\u00a0\u00bb][vc_row_inner gap=\u00a0\u00bb35&Prime;][vc_column_inner width=\u00a0\u00bb1\/2&Prime;][vc_single_image image=\u00a0\u00bb6619&Prime; img_size=\u00a0\u00bblarge\u00a0\u00bb][vc_empty_space height=\u00a0\u00bb15px\u00a0\u00bb][vc_single_image image=\u00a0\u00bb6616&Prime; img_size=\u00a0\u00bblarge\u00a0\u00bb][\/vc_column_inner][vc_column_inner width=\u00a0\u00bb1\/2&Prime;][vc_single_image image=\u00a0\u00bb6613&Prime; img_size=\u00a0\u00bblarge\u00a0\u00bb][\/vc_column_inner][\/vc_row_inner][vc_empty_space height=\u00a0\u00bb25px\u00a0\u00bb][\/vc_column][\/vc_row]<\/p>\n<\/div>","protected":false},"excerpt":{"rendered":"<p>Le ciel, les roses, la ros\u00e9e du matin. Voyager, l&rsquo;amour, la libert\u00e9. Dans ces id\u00e9es m\u00e9lodieuses, nous pourrions r\u00e9sumer l&rsquo;esprit de la collection&#8230;<\/p>\n","protected":false},"author":4,"featured_media":6849,"comment_status":"closed","ping_status":"closed","sticky":false,"template":"","format":"standard","meta":{"footnotes":""},"categories":[62],"tags":[],"class_list":["post-7027","post","type-post","status-publish","format-standard","has-post-thumbnail","hentry","category-actualites"],"yoast_head":"<!-- This site is optimized with the Yoast SEO plugin v28.3 - https:\/\/yoast.com\/product\/yoast-seo-wordpress\/ -->\n<title>WOODYS Barcelona : Lunettes jeunes, fra\u00eeches et urbaines<\/title>\n<meta name=\"description\" content=\"Nous concevons pour toutes les personnes qui \u00e9chappent aux normes \u00e9tablies et d\u00e9cident de suivre leur propre voie. Woodys est une marque jeune, fra\u00eeche et urbaine, cr\u00e9\u00e9e par et pour des personnes qui se sentent diff\u00e9rentes, qui n&#039;aiment pas suivre la mode, qui ont une attitude participative et pour qui la couleur est leur religion.\" \/>\n<meta name=\"robots\" content=\"index, follow, max-snippet:-1, max-image-preview:large, max-video-preview:-1\" \/>\n<link rel=\"canonical\" href=\"https:\/\/www.optique-schanen.lu\/fr\/woodys-barcelona\/\" \/>\n<meta property=\"og:locale\" content=\"fr_FR\" \/>\n<meta property=\"og:type\" content=\"article\" \/>\n<meta property=\"og:title\" content=\"WOODYS Barcelona : Lunettes jeunes, fra\u00eeches et urbaines\" \/>\n<meta property=\"og:description\" content=\"Nous concevons pour toutes les personnes qui \u00e9chappent aux normes \u00e9tablies et d\u00e9cident de suivre leur propre voie. Woodys est une marque jeune, fra\u00eeche et urbaine, cr\u00e9\u00e9e par et pour des personnes qui se sentent diff\u00e9rentes, qui n&#039;aiment pas suivre la mode, qui ont une attitude participative et pour qui la couleur est leur religion.\" \/>\n<meta property=\"og:url\" content=\"https:\/\/www.optique-schanen.lu\/fr\/woodys-barcelona\/\" \/>\n<meta property=\"og:site_name\" content=\"Optique Schanen\" \/>\n<meta property=\"article:publisher\" content=\"https:\/\/www.facebook.com\/people\/Optique-Schanen\/100063674795469\/\" \/>\n<meta property=\"article:published_time\" content=\"2020-02-03T14:31:58+00:00\" \/>\n<meta property=\"article:modified_time\" content=\"2024-11-19T16:15:07+00:00\" \/>\n<meta property=\"og:image\" content=\"https:\/\/www.optique-schanen.lu\/wp-content\/uploads\/2020\/02\/62d0f6a6889e70f88d95efaf2b11281c.jpg\" \/>\n\t<meta property=\"og:image:width\" content=\"1280\" \/>\n\t<meta property=\"og:image:height\" content=\"854\" \/>\n\t<meta property=\"og:image:type\" content=\"image\/jpeg\" \/>\n<meta name=\"author\" content=\"kkremer@time4digital.lu\" \/>\n<meta name=\"twitter:card\" content=\"summary_large_image\" \/>\n<meta name=\"twitter:label1\" content=\"\u00c9crit par\" \/>\n\t<meta name=\"twitter:data1\" content=\"kkremer@time4digital.lu\" \/>\n\t<meta name=\"twitter:label2\" content=\"Dur\u00e9e de lecture estim\u00e9e\" \/>\n\t<meta name=\"twitter:data2\" content=\"2 minutes\" \/>\n<script type=\"application\/ld+json\" class=\"yoast-schema-graph\">{\"@context\":\"https:\\\/\\\/schema.org\",\"@graph\":[{\"@type\":\"Article\",\"@id\":\"https:\\\/\\\/www.optique-schanen.lu\\\/fr\\\/woodys-barcelona\\\/#article\",\"isPartOf\":{\"@id\":\"https:\\\/\\\/www.optique-schanen.lu\\\/fr\\\/woodys-barcelona\\\/\"},\"author\":{\"name\":\"kkremer@time4digital.lu\",\"@id\":\"https:\\\/\\\/www.optique-schanen.lu\\\/fr\\\/#\\\/schema\\\/person\\\/6ccb5feff6bfc18fbc7ae716b3468f1f\"},\"headline\":\"WOODYS Barcelona : Lunettes jeunes, fra\u00eeches et urbaines\",\"datePublished\":\"2020-02-03T14:31:58+00:00\",\"dateModified\":\"2024-11-19T16:15:07+00:00\",\"mainEntityOfPage\":{\"@id\":\"https:\\\/\\\/www.optique-schanen.lu\\\/fr\\\/woodys-barcelona\\\/\"},\"wordCount\":218,\"publisher\":{\"@id\":\"https:\\\/\\\/www.optique-schanen.lu\\\/fr\\\/#organization\"},\"image\":{\"@id\":\"https:\\\/\\\/www.optique-schanen.lu\\\/fr\\\/woodys-barcelona\\\/#primaryimage\"},\"thumbnailUrl\":\"https:\\\/\\\/www.optique-schanen.lu\\\/wp-content\\\/uploads\\\/2020\\\/02\\\/62d0f6a6889e70f88d95efaf2b11281c.jpg\",\"articleSection\":[\"Actualit\u00e9s\"],\"inLanguage\":\"fr-FR\"},{\"@type\":\"WebPage\",\"@id\":\"https:\\\/\\\/www.optique-schanen.lu\\\/fr\\\/woodys-barcelona\\\/\",\"url\":\"https:\\\/\\\/www.optique-schanen.lu\\\/fr\\\/woodys-barcelona\\\/\",\"name\":\"WOODYS Barcelona : Lunettes jeunes, fra\u00eeches et urbaines\",\"isPartOf\":{\"@id\":\"https:\\\/\\\/www.optique-schanen.lu\\\/fr\\\/#website\"},\"primaryImageOfPage\":{\"@id\":\"https:\\\/\\\/www.optique-schanen.lu\\\/fr\\\/woodys-barcelona\\\/#primaryimage\"},\"image\":{\"@id\":\"https:\\\/\\\/www.optique-schanen.lu\\\/fr\\\/woodys-barcelona\\\/#primaryimage\"},\"thumbnailUrl\":\"https:\\\/\\\/www.optique-schanen.lu\\\/wp-content\\\/uploads\\\/2020\\\/02\\\/62d0f6a6889e70f88d95efaf2b11281c.jpg\",\"datePublished\":\"2020-02-03T14:31:58+00:00\",\"dateModified\":\"2024-11-19T16:15:07+00:00\",\"description\":\"Nous concevons pour toutes les personnes qui \u00e9chappent aux normes \u00e9tablies et d\u00e9cident de suivre leur propre voie. Woodys est une marque jeune, fra\u00eeche et urbaine, cr\u00e9\u00e9e par et pour des personnes qui se sentent diff\u00e9rentes, qui n'aiment pas suivre la mode, qui ont une attitude participative et pour qui la couleur est leur religion.\",\"breadcrumb\":{\"@id\":\"https:\\\/\\\/www.optique-schanen.lu\\\/fr\\\/woodys-barcelona\\\/#breadcrumb\"},\"inLanguage\":\"fr-FR\",\"potentialAction\":[{\"@type\":\"ReadAction\",\"target\":[\"https:\\\/\\\/www.optique-schanen.lu\\\/fr\\\/woodys-barcelona\\\/\"]}]},{\"@type\":\"ImageObject\",\"inLanguage\":\"fr-FR\",\"@id\":\"https:\\\/\\\/www.optique-schanen.lu\\\/fr\\\/woodys-barcelona\\\/#primaryimage\",\"url\":\"https:\\\/\\\/www.optique-schanen.lu\\\/wp-content\\\/uploads\\\/2020\\\/02\\\/62d0f6a6889e70f88d95efaf2b11281c.jpg\",\"contentUrl\":\"https:\\\/\\\/www.optique-schanen.lu\\\/wp-content\\\/uploads\\\/2020\\\/02\\\/62d0f6a6889e70f88d95efaf2b11281c.jpg\",\"width\":1280,\"height\":854},{\"@type\":\"BreadcrumbList\",\"@id\":\"https:\\\/\\\/www.optique-schanen.lu\\\/fr\\\/woodys-barcelona\\\/#breadcrumb\",\"itemListElement\":[{\"@type\":\"ListItem\",\"position\":1,\"name\":\"Startseite\",\"item\":\"https:\\\/\\\/www.optique-schanen.lu\\\/fr\\\/\"},{\"@type\":\"ListItem\",\"position\":2,\"name\":\"WOODYS Barcelona : Lunettes jeunes, fra\u00eeches et urbaines\"}]},{\"@type\":\"WebSite\",\"@id\":\"https:\\\/\\\/www.optique-schanen.lu\\\/fr\\\/#website\",\"url\":\"https:\\\/\\\/www.optique-schanen.lu\\\/fr\\\/\",\"name\":\"Optique Schanen\",\"description\":\"Optique Schanen in Wasserbillig: Ihr freundlicher und kompetenter Optiker in Luxemburg. F\u00fcr klare Sicht und stilvolle Brillen. Besuchen Sie uns!\",\"publisher\":{\"@id\":\"https:\\\/\\\/www.optique-schanen.lu\\\/fr\\\/#organization\"},\"potentialAction\":[{\"@type\":\"SearchAction\",\"target\":{\"@type\":\"EntryPoint\",\"urlTemplate\":\"https:\\\/\\\/www.optique-schanen.lu\\\/fr\\\/?s={search_term_string}\"},\"query-input\":{\"@type\":\"PropertyValueSpecification\",\"valueRequired\":true,\"valueName\":\"search_term_string\"}}],\"inLanguage\":\"fr-FR\"},{\"@type\":\"Organization\",\"@id\":\"https:\\\/\\\/www.optique-schanen.lu\\\/fr\\\/#organization\",\"name\":\"Optique Schanen\",\"url\":\"https:\\\/\\\/www.optique-schanen.lu\\\/fr\\\/\",\"logo\":{\"@type\":\"ImageObject\",\"inLanguage\":\"fr-FR\",\"@id\":\"https:\\\/\\\/www.optique-schanen.lu\\\/fr\\\/#\\\/schema\\\/logo\\\/image\\\/\",\"url\":\"https:\\\/\\\/www.optique-schanen.lu\\\/wp-content\\\/uploads\\\/2023\\\/09\\\/seo.jpg\",\"contentUrl\":\"https:\\\/\\\/www.optique-schanen.lu\\\/wp-content\\\/uploads\\\/2023\\\/09\\\/seo.jpg\",\"width\":1512,\"height\":1134,\"caption\":\"Optique Schanen\"},\"image\":{\"@id\":\"https:\\\/\\\/www.optique-schanen.lu\\\/fr\\\/#\\\/schema\\\/logo\\\/image\\\/\"},\"sameAs\":[\"https:\\\/\\\/www.facebook.com\\\/people\\\/Optique-Schanen\\\/100063674795469\\\/\",\"https:\\\/\\\/www.instagram.com\\\/optiqueschanen\\\/\"]},{\"@type\":\"Person\",\"@id\":\"https:\\\/\\\/www.optique-schanen.lu\\\/fr\\\/#\\\/schema\\\/person\\\/6ccb5feff6bfc18fbc7ae716b3468f1f\",\"name\":\"kkremer@time4digital.lu\",\"image\":{\"@type\":\"ImageObject\",\"inLanguage\":\"fr-FR\",\"@id\":\"https:\\\/\\\/secure.gravatar.com\\\/avatar\\\/5e6ad84f0fd6662cdef793b42e28cdcdbe6a879d62a5dee557d4df3a9a9b22d4?s=96&d=mm&r=g\",\"url\":\"https:\\\/\\\/secure.gravatar.com\\\/avatar\\\/5e6ad84f0fd6662cdef793b42e28cdcdbe6a879d62a5dee557d4df3a9a9b22d4?s=96&d=mm&r=g\",\"contentUrl\":\"https:\\\/\\\/secure.gravatar.com\\\/avatar\\\/5e6ad84f0fd6662cdef793b42e28cdcdbe6a879d62a5dee557d4df3a9a9b22d4?s=96&d=mm&r=g\",\"caption\":\"kkremer@time4digital.lu\"}}]}<\/script>\n<!-- \/ Yoast SEO plugin. -->","yoast_head_json":{"title":"WOODYS Barcelona : Lunettes jeunes, fra\u00eeches et urbaines","description":"Nous concevons pour toutes les personnes qui \u00e9chappent aux normes \u00e9tablies et d\u00e9cident de suivre leur propre voie. Woodys est une marque jeune, fra\u00eeche et urbaine, cr\u00e9\u00e9e par et pour des personnes qui se sentent diff\u00e9rentes, qui n'aiment pas suivre la mode, qui ont une attitude participative et pour qui la couleur est leur religion.","robots":{"index":"index","follow":"follow","max-snippet":"max-snippet:-1","max-image-preview":"max-image-preview:large","max-video-preview":"max-video-preview:-1"},"canonical":"https:\/\/www.optique-schanen.lu\/fr\/woodys-barcelona\/","og_locale":"fr_FR","og_type":"article","og_title":"WOODYS Barcelona : Lunettes jeunes, fra\u00eeches et urbaines","og_description":"Nous concevons pour toutes les personnes qui \u00e9chappent aux normes \u00e9tablies et d\u00e9cident de suivre leur propre voie. Woodys est une marque jeune, fra\u00eeche et urbaine, cr\u00e9\u00e9e par et pour des personnes qui se sentent diff\u00e9rentes, qui n'aiment pas suivre la mode, qui ont une attitude participative et pour qui la couleur est leur religion.","og_url":"https:\/\/www.optique-schanen.lu\/fr\/woodys-barcelona\/","og_site_name":"Optique Schanen","article_publisher":"https:\/\/www.facebook.com\/people\/Optique-Schanen\/100063674795469\/","article_published_time":"2020-02-03T14:31:58+00:00","article_modified_time":"2024-11-19T16:15:07+00:00","og_image":[{"width":1280,"height":854,"url":"https:\/\/www.optique-schanen.lu\/wp-content\/uploads\/2020\/02\/62d0f6a6889e70f88d95efaf2b11281c.jpg","type":"image\/jpeg"}],"author":"kkremer@time4digital.lu","twitter_card":"summary_large_image","twitter_misc":{"\u00c9crit par":"kkremer@time4digital.lu","Dur\u00e9e de lecture estim\u00e9e":"2 minutes"},"schema":{"@context":"https:\/\/schema.org","@graph":[{"@type":"Article","@id":"https:\/\/www.optique-schanen.lu\/fr\/woodys-barcelona\/#article","isPartOf":{"@id":"https:\/\/www.optique-schanen.lu\/fr\/woodys-barcelona\/"},"author":{"name":"kkremer@time4digital.lu","@id":"https:\/\/www.optique-schanen.lu\/fr\/#\/schema\/person\/6ccb5feff6bfc18fbc7ae716b3468f1f"},"headline":"WOODYS Barcelona : Lunettes jeunes, fra\u00eeches et urbaines","datePublished":"2020-02-03T14:31:58+00:00","dateModified":"2024-11-19T16:15:07+00:00","mainEntityOfPage":{"@id":"https:\/\/www.optique-schanen.lu\/fr\/woodys-barcelona\/"},"wordCount":218,"publisher":{"@id":"https:\/\/www.optique-schanen.lu\/fr\/#organization"},"image":{"@id":"https:\/\/www.optique-schanen.lu\/fr\/woodys-barcelona\/#primaryimage"},"thumbnailUrl":"https:\/\/www.optique-schanen.lu\/wp-content\/uploads\/2020\/02\/62d0f6a6889e70f88d95efaf2b11281c.jpg","articleSection":["Actualit\u00e9s"],"inLanguage":"fr-FR"},{"@type":"WebPage","@id":"https:\/\/www.optique-schanen.lu\/fr\/woodys-barcelona\/","url":"https:\/\/www.optique-schanen.lu\/fr\/woodys-barcelona\/","name":"WOODYS Barcelona : Lunettes jeunes, fra\u00eeches et urbaines","isPartOf":{"@id":"https:\/\/www.optique-schanen.lu\/fr\/#website"},"primaryImageOfPage":{"@id":"https:\/\/www.optique-schanen.lu\/fr\/woodys-barcelona\/#primaryimage"},"image":{"@id":"https:\/\/www.optique-schanen.lu\/fr\/woodys-barcelona\/#primaryimage"},"thumbnailUrl":"https:\/\/www.optique-schanen.lu\/wp-content\/uploads\/2020\/02\/62d0f6a6889e70f88d95efaf2b11281c.jpg","datePublished":"2020-02-03T14:31:58+00:00","dateModified":"2024-11-19T16:15:07+00:00","description":"Nous concevons pour toutes les personnes qui \u00e9chappent aux normes \u00e9tablies et d\u00e9cident de suivre leur propre voie. Woodys est une marque jeune, fra\u00eeche et urbaine, cr\u00e9\u00e9e par et pour des personnes qui se sentent diff\u00e9rentes, qui n'aiment pas suivre la mode, qui ont une attitude participative et pour qui la couleur est leur religion.","breadcrumb":{"@id":"https:\/\/www.optique-schanen.lu\/fr\/woodys-barcelona\/#breadcrumb"},"inLanguage":"fr-FR","potentialAction":[{"@type":"ReadAction","target":["https:\/\/www.optique-schanen.lu\/fr\/woodys-barcelona\/"]}]},{"@type":"ImageObject","inLanguage":"fr-FR","@id":"https:\/\/www.optique-schanen.lu\/fr\/woodys-barcelona\/#primaryimage","url":"https:\/\/www.optique-schanen.lu\/wp-content\/uploads\/2020\/02\/62d0f6a6889e70f88d95efaf2b11281c.jpg","contentUrl":"https:\/\/www.optique-schanen.lu\/wp-content\/uploads\/2020\/02\/62d0f6a6889e70f88d95efaf2b11281c.jpg","width":1280,"height":854},{"@type":"BreadcrumbList","@id":"https:\/\/www.optique-schanen.lu\/fr\/woodys-barcelona\/#breadcrumb","itemListElement":[{"@type":"ListItem","position":1,"name":"Startseite","item":"https:\/\/www.optique-schanen.lu\/fr\/"},{"@type":"ListItem","position":2,"name":"WOODYS Barcelona : Lunettes jeunes, fra\u00eeches et urbaines"}]},{"@type":"WebSite","@id":"https:\/\/www.optique-schanen.lu\/fr\/#website","url":"https:\/\/www.optique-schanen.lu\/fr\/","name":"Optique Schanen","description":"Optique Schanen in Wasserbillig: Ihr freundlicher und kompetenter Optiker in Luxemburg. F\u00fcr klare Sicht und stilvolle Brillen. Besuchen Sie uns!","publisher":{"@id":"https:\/\/www.optique-schanen.lu\/fr\/#organization"},"potentialAction":[{"@type":"SearchAction","target":{"@type":"EntryPoint","urlTemplate":"https:\/\/www.optique-schanen.lu\/fr\/?s={search_term_string}"},"query-input":{"@type":"PropertyValueSpecification","valueRequired":true,"valueName":"search_term_string"}}],"inLanguage":"fr-FR"},{"@type":"Organization","@id":"https:\/\/www.optique-schanen.lu\/fr\/#organization","name":"Optique Schanen","url":"https:\/\/www.optique-schanen.lu\/fr\/","logo":{"@type":"ImageObject","inLanguage":"fr-FR","@id":"https:\/\/www.optique-schanen.lu\/fr\/#\/schema\/logo\/image\/","url":"https:\/\/www.optique-schanen.lu\/wp-content\/uploads\/2023\/09\/seo.jpg","contentUrl":"https:\/\/www.optique-schanen.lu\/wp-content\/uploads\/2023\/09\/seo.jpg","width":1512,"height":1134,"caption":"Optique Schanen"},"image":{"@id":"https:\/\/www.optique-schanen.lu\/fr\/#\/schema\/logo\/image\/"},"sameAs":["https:\/\/www.facebook.com\/people\/Optique-Schanen\/100063674795469\/","https:\/\/www.instagram.com\/optiqueschanen\/"]},{"@type":"Person","@id":"https:\/\/www.optique-schanen.lu\/fr\/#\/schema\/person\/6ccb5feff6bfc18fbc7ae716b3468f1f","name":"kkremer@time4digital.lu","image":{"@type":"ImageObject","inLanguage":"fr-FR","@id":"https:\/\/secure.gravatar.com\/avatar\/5e6ad84f0fd6662cdef793b42e28cdcdbe6a879d62a5dee557d4df3a9a9b22d4?s=96&d=mm&r=g","url":"https:\/\/secure.gravatar.com\/avatar\/5e6ad84f0fd6662cdef793b42e28cdcdbe6a879d62a5dee557d4df3a9a9b22d4?s=96&d=mm&r=g","contentUrl":"https:\/\/secure.gravatar.com\/avatar\/5e6ad84f0fd6662cdef793b42e28cdcdbe6a879d62a5dee557d4df3a9a9b22d4?s=96&d=mm&r=g","caption":"kkremer@time4digital.lu"}}]}},"_links":{"self":[{"href":"https:\/\/www.optique-schanen.lu\/fr\/wp-json\/wp\/v2\/posts\/7027","targetHints":{"allow":["GET"]}}],"collection":[{"href":"https:\/\/www.optique-schanen.lu\/fr\/wp-json\/wp\/v2\/posts"}],"about":[{"href":"https:\/\/www.optique-schanen.lu\/fr\/wp-json\/wp\/v2\/types\/post"}],"author":[{"embeddable":true,"href":"https:\/\/www.optique-schanen.lu\/fr\/wp-json\/wp\/v2\/users\/4"}],"replies":[{"embeddable":true,"href":"https:\/\/www.optique-schanen.lu\/fr\/wp-json\/wp\/v2\/comments?post=7027"}],"version-history":[{"count":1,"href":"https:\/\/www.optique-schanen.lu\/fr\/wp-json\/wp\/v2\/posts\/7027\/revisions"}],"predecessor-version":[{"id":7517,"href":"https:\/\/www.optique-schanen.lu\/fr\/wp-json\/wp\/v2\/posts\/7027\/revisions\/7517"}],"wp:featuredmedia":[{"embeddable":true,"href":"https:\/\/www.optique-schanen.lu\/fr\/wp-json\/wp\/v2\/media\/6849"}],"wp:attachment":[{"href":"https:\/\/www.optique-schanen.lu\/fr\/wp-json\/wp\/v2\/media?parent=7027"}],"wp:term":[{"taxonomy":"category","embeddable":true,"href":"https:\/\/www.optique-schanen.lu\/fr\/wp-json\/wp\/v2\/categories?post=7027"},{"taxonomy":"post_tag","embeddable":true,"href":"https:\/\/www.optique-schanen.lu\/fr\/wp-json\/wp\/v2\/tags?post=7027"}],"curies":[{"name":"wp","href":"https:\/\/api.w.org\/{rel}","templated":true}]}}