{"id":7185,"date":"2023-11-08T15:54:26","date_gmt":"2023-11-08T14:54:26","guid":{"rendered":"https:\/\/www.optique-schanen.lu\/?p=7185"},"modified":"2024-07-16T11:18:40","modified_gmt":"2024-07-16T09:18:40","slug":"nouvelle-marque-superbes-designs","status":"publish","type":"post","link":"https:\/\/www.optique-schanen.lu\/fr\/nouvelle-marque-superbes-designs\/","title":{"rendered":"Nouvelle marque, superbes designs"},"content":{"rendered":"<div class=\"wpb-content-wrapper\" id=\"wpb-content-root\"><p>[vc_row][vc_column][vc_empty_space height=\u00a0\u00bb25px\u00a0\u00bb][vc_column_text]<\/p>\n<h2>Nouvelle marque, superbes designs&#8230;<\/h2>\n<p>[\/vc_column_text][vc_empty_space height=\u00a0\u00bb25px\u00a0\u00bb][vc_column_text]un nouveau terrain de jeu.<\/p>\n<p>Le parc est n\u00e9 du besoin de jouer, d&rsquo;essayer et d&rsquo;\u00eatre cr\u00e9atif. de cr\u00e9er ce terrain de jeu o\u00f9 nous pouvons innover, improviser et prendre des risques, en nous amusant et en cr\u00e9ant des produits nouveaux et pertinents tout en laissant notre imagination s&rsquo;envoler.[\/vc_column_text][vc_column_text]<a href=\"https:\/\/www.optique-schanen.lu\/wp-content\/uploads\/2023\/11\/LE-PARC_Collection_aw2023_digital.pdf\" target=\"_blank\" rel=\"noopener\">t\u00e9l\u00e9charger la collection PDF<\/a>[\/vc_column_text][vc_empty_space height=\u00a0\u00bb25px\u00a0\u00bb][vc_row_inner gap=\u00a0\u00bb35&Prime;][vc_column_inner width=\u00a0\u00bb1\/2&Prime;][vc_single_image image=\u00a0\u00bb7194&Prime; img_size=\u00a0\u00bblarge\u00a0\u00bb][vc_single_image image=\u00a0\u00bb7200&Prime; img_size=\u00a0\u00bblarge\u00a0\u00bb][\/vc_column_inner][vc_column_inner width=\u00a0\u00bb1\/2&Prime;][vc_single_image image=\u00a0\u00bb7197&Prime; img_size=\u00a0\u00bblarge\u00a0\u00bb][\/vc_column_inner][\/vc_row_inner][\/vc_column][\/vc_row]<\/p>\n<\/div>","protected":false},"excerpt":{"rendered":"<p>Le parc est n\u00e9 du besoin de jouer&#8230;<\/p>\n","protected":false},"author":4,"featured_media":7216,"comment_status":"closed","ping_status":"closed","sticky":false,"template":"","format":"standard","meta":{"footnotes":""},"categories":[62],"tags":[],"class_list":["post-7185","post","type-post","status-publish","format-standard","has-post-thumbnail","hentry","category-actualites"],"yoast_head":"<!-- This site is optimized with the Yoast SEO plugin v28.3 - https:\/\/yoast.com\/product\/yoast-seo-wordpress\/ -->\n<title>Nouvelle marque, superbes designs - Optique Schanen<\/title>\n<meta name=\"description\" content=\"Le parc est n\u00e9 du besoin de jouer, d&#039;essayer et d&#039;\u00eatre cr\u00e9atif. de cr\u00e9er ce terrain de jeu o\u00f9 nous pouvons innover, improviser et prendre des risques, en nous amusant et en cr\u00e9ant des produits nouveaux et pertinents tout en laissant notre imagination s&#039;envoler.\" \/>\n<meta name=\"robots\" content=\"index, follow, max-snippet:-1, max-image-preview:large, max-video-preview:-1\" \/>\n<link rel=\"canonical\" href=\"https:\/\/www.optique-schanen.lu\/fr\/nouvelle-marque-superbes-designs\/\" \/>\n<meta property=\"og:locale\" content=\"fr_FR\" \/>\n<meta property=\"og:type\" content=\"article\" \/>\n<meta property=\"og:title\" content=\"Nouvelle marque, superbes designs - Optique Schanen\" \/>\n<meta property=\"og:description\" content=\"Le parc est n\u00e9 du besoin de jouer, d&#039;essayer et d&#039;\u00eatre cr\u00e9atif. de cr\u00e9er ce terrain de jeu o\u00f9 nous pouvons innover, improviser et prendre des risques, en nous amusant et en cr\u00e9ant des produits nouveaux et pertinents tout en laissant notre imagination s&#039;envoler.\" \/>\n<meta property=\"og:url\" content=\"https:\/\/www.optique-schanen.lu\/fr\/nouvelle-marque-superbes-designs\/\" \/>\n<meta property=\"og:site_name\" content=\"Optique Schanen\" \/>\n<meta property=\"article:publisher\" content=\"https:\/\/www.facebook.com\/people\/Optique-Schanen\/100063674795469\/\" \/>\n<meta property=\"article:published_time\" content=\"2023-11-08T14:54:26+00:00\" \/>\n<meta property=\"article:modified_time\" content=\"2024-07-16T09:18:40+00:00\" \/>\n<meta property=\"og:image\" content=\"https:\/\/www.optique-schanen.lu\/wp-content\/uploads\/2023\/11\/LEPARC_AW2023_LOGO_SOCIALMEDIA15.jpg\" \/>\n\t<meta property=\"og:image:width\" content=\"1280\" \/>\n\t<meta property=\"og:image:height\" content=\"1024\" \/>\n\t<meta property=\"og:image:type\" content=\"image\/jpeg\" \/>\n<meta name=\"author\" content=\"kkremer@time4digital.lu\" \/>\n<meta name=\"twitter:card\" content=\"summary_large_image\" \/>\n<meta name=\"twitter:label1\" content=\"\u00c9crit par\" \/>\n\t<meta name=\"twitter:data1\" content=\"kkremer@time4digital.lu\" \/>\n\t<meta name=\"twitter:label2\" content=\"Dur\u00e9e de lecture estim\u00e9e\" \/>\n\t<meta name=\"twitter:data2\" content=\"1 minute\" \/>\n<script type=\"application\/ld+json\" class=\"yoast-schema-graph\">{\"@context\":\"https:\\\/\\\/schema.org\",\"@graph\":[{\"@type\":\"Article\",\"@id\":\"https:\\\/\\\/www.optique-schanen.lu\\\/fr\\\/nouvelle-marque-superbes-designs\\\/#article\",\"isPartOf\":{\"@id\":\"https:\\\/\\\/www.optique-schanen.lu\\\/fr\\\/nouvelle-marque-superbes-designs\\\/\"},\"author\":{\"name\":\"kkremer@time4digital.lu\",\"@id\":\"https:\\\/\\\/www.optique-schanen.lu\\\/fr\\\/#\\\/schema\\\/person\\\/6ccb5feff6bfc18fbc7ae716b3468f1f\"},\"headline\":\"Nouvelle marque, superbes designs\",\"datePublished\":\"2023-11-08T14:54:26+00:00\",\"dateModified\":\"2024-07-16T09:18:40+00:00\",\"mainEntityOfPage\":{\"@id\":\"https:\\\/\\\/www.optique-schanen.lu\\\/fr\\\/nouvelle-marque-superbes-designs\\\/\"},\"wordCount\":152,\"publisher\":{\"@id\":\"https:\\\/\\\/www.optique-schanen.lu\\\/fr\\\/#organization\"},\"image\":{\"@id\":\"https:\\\/\\\/www.optique-schanen.lu\\\/fr\\\/nouvelle-marque-superbes-designs\\\/#primaryimage\"},\"thumbnailUrl\":\"https:\\\/\\\/www.optique-schanen.lu\\\/wp-content\\\/uploads\\\/2023\\\/11\\\/LEPARC_AW2023_LOGO_SOCIALMEDIA15.jpg\",\"articleSection\":[\"Actualit\u00e9s\"],\"inLanguage\":\"fr-FR\"},{\"@type\":\"WebPage\",\"@id\":\"https:\\\/\\\/www.optique-schanen.lu\\\/fr\\\/nouvelle-marque-superbes-designs\\\/\",\"url\":\"https:\\\/\\\/www.optique-schanen.lu\\\/fr\\\/nouvelle-marque-superbes-designs\\\/\",\"name\":\"Nouvelle marque, superbes designs - Optique Schanen\",\"isPartOf\":{\"@id\":\"https:\\\/\\\/www.optique-schanen.lu\\\/fr\\\/#website\"},\"primaryImageOfPage\":{\"@id\":\"https:\\\/\\\/www.optique-schanen.lu\\\/fr\\\/nouvelle-marque-superbes-designs\\\/#primaryimage\"},\"image\":{\"@id\":\"https:\\\/\\\/www.optique-schanen.lu\\\/fr\\\/nouvelle-marque-superbes-designs\\\/#primaryimage\"},\"thumbnailUrl\":\"https:\\\/\\\/www.optique-schanen.lu\\\/wp-content\\\/uploads\\\/2023\\\/11\\\/LEPARC_AW2023_LOGO_SOCIALMEDIA15.jpg\",\"datePublished\":\"2023-11-08T14:54:26+00:00\",\"dateModified\":\"2024-07-16T09:18:40+00:00\",\"description\":\"Le parc est n\u00e9 du besoin de jouer, d'essayer et d'\u00eatre cr\u00e9atif. de cr\u00e9er ce terrain de jeu o\u00f9 nous pouvons innover, improviser et prendre des risques, en nous amusant et en cr\u00e9ant des produits nouveaux et pertinents tout en laissant notre imagination s'envoler.\",\"breadcrumb\":{\"@id\":\"https:\\\/\\\/www.optique-schanen.lu\\\/fr\\\/nouvelle-marque-superbes-designs\\\/#breadcrumb\"},\"inLanguage\":\"fr-FR\",\"potentialAction\":[{\"@type\":\"ReadAction\",\"target\":[\"https:\\\/\\\/www.optique-schanen.lu\\\/fr\\\/nouvelle-marque-superbes-designs\\\/\"]}]},{\"@type\":\"ImageObject\",\"inLanguage\":\"fr-FR\",\"@id\":\"https:\\\/\\\/www.optique-schanen.lu\\\/fr\\\/nouvelle-marque-superbes-designs\\\/#primaryimage\",\"url\":\"https:\\\/\\\/www.optique-schanen.lu\\\/wp-content\\\/uploads\\\/2023\\\/11\\\/LEPARC_AW2023_LOGO_SOCIALMEDIA15.jpg\",\"contentUrl\":\"https:\\\/\\\/www.optique-schanen.lu\\\/wp-content\\\/uploads\\\/2023\\\/11\\\/LEPARC_AW2023_LOGO_SOCIALMEDIA15.jpg\",\"width\":1280,\"height\":1024},{\"@type\":\"BreadcrumbList\",\"@id\":\"https:\\\/\\\/www.optique-schanen.lu\\\/fr\\\/nouvelle-marque-superbes-designs\\\/#breadcrumb\",\"itemListElement\":[{\"@type\":\"ListItem\",\"position\":1,\"name\":\"Startseite\",\"item\":\"https:\\\/\\\/www.optique-schanen.lu\\\/fr\\\/\"},{\"@type\":\"ListItem\",\"position\":2,\"name\":\"Nouvelle marque, superbes designs\"}]},{\"@type\":\"WebSite\",\"@id\":\"https:\\\/\\\/www.optique-schanen.lu\\\/fr\\\/#website\",\"url\":\"https:\\\/\\\/www.optique-schanen.lu\\\/fr\\\/\",\"name\":\"Optique Schanen\",\"description\":\"Optique Schanen in Wasserbillig: Ihr freundlicher und kompetenter Optiker in Luxemburg. F\u00fcr klare Sicht und stilvolle Brillen. Besuchen Sie uns!\",\"publisher\":{\"@id\":\"https:\\\/\\\/www.optique-schanen.lu\\\/fr\\\/#organization\"},\"potentialAction\":[{\"@type\":\"SearchAction\",\"target\":{\"@type\":\"EntryPoint\",\"urlTemplate\":\"https:\\\/\\\/www.optique-schanen.lu\\\/fr\\\/?s={search_term_string}\"},\"query-input\":{\"@type\":\"PropertyValueSpecification\",\"valueRequired\":true,\"valueName\":\"search_term_string\"}}],\"inLanguage\":\"fr-FR\"},{\"@type\":\"Organization\",\"@id\":\"https:\\\/\\\/www.optique-schanen.lu\\\/fr\\\/#organization\",\"name\":\"Optique Schanen\",\"url\":\"https:\\\/\\\/www.optique-schanen.lu\\\/fr\\\/\",\"logo\":{\"@type\":\"ImageObject\",\"inLanguage\":\"fr-FR\",\"@id\":\"https:\\\/\\\/www.optique-schanen.lu\\\/fr\\\/#\\\/schema\\\/logo\\\/image\\\/\",\"url\":\"https:\\\/\\\/www.optique-schanen.lu\\\/wp-content\\\/uploads\\\/2023\\\/09\\\/seo.jpg\",\"contentUrl\":\"https:\\\/\\\/www.optique-schanen.lu\\\/wp-content\\\/uploads\\\/2023\\\/09\\\/seo.jpg\",\"width\":1512,\"height\":1134,\"caption\":\"Optique Schanen\"},\"image\":{\"@id\":\"https:\\\/\\\/www.optique-schanen.lu\\\/fr\\\/#\\\/schema\\\/logo\\\/image\\\/\"},\"sameAs\":[\"https:\\\/\\\/www.facebook.com\\\/people\\\/Optique-Schanen\\\/100063674795469\\\/\",\"https:\\\/\\\/www.instagram.com\\\/optiqueschanen\\\/\"]},{\"@type\":\"Person\",\"@id\":\"https:\\\/\\\/www.optique-schanen.lu\\\/fr\\\/#\\\/schema\\\/person\\\/6ccb5feff6bfc18fbc7ae716b3468f1f\",\"name\":\"kkremer@time4digital.lu\",\"image\":{\"@type\":\"ImageObject\",\"inLanguage\":\"fr-FR\",\"@id\":\"https:\\\/\\\/secure.gravatar.com\\\/avatar\\\/5e6ad84f0fd6662cdef793b42e28cdcdbe6a879d62a5dee557d4df3a9a9b22d4?s=96&d=mm&r=g\",\"url\":\"https:\\\/\\\/secure.gravatar.com\\\/avatar\\\/5e6ad84f0fd6662cdef793b42e28cdcdbe6a879d62a5dee557d4df3a9a9b22d4?s=96&d=mm&r=g\",\"contentUrl\":\"https:\\\/\\\/secure.gravatar.com\\\/avatar\\\/5e6ad84f0fd6662cdef793b42e28cdcdbe6a879d62a5dee557d4df3a9a9b22d4?s=96&d=mm&r=g\",\"caption\":\"kkremer@time4digital.lu\"}}]}<\/script>\n<!-- \/ Yoast SEO plugin. -->","yoast_head_json":{"title":"Nouvelle marque, superbes designs - Optique Schanen","description":"Le parc est n\u00e9 du besoin de jouer, d'essayer et d'\u00eatre cr\u00e9atif. de cr\u00e9er ce terrain de jeu o\u00f9 nous pouvons innover, improviser et prendre des risques, en nous amusant et en cr\u00e9ant des produits nouveaux et pertinents tout en laissant notre imagination s'envoler.","robots":{"index":"index","follow":"follow","max-snippet":"max-snippet:-1","max-image-preview":"max-image-preview:large","max-video-preview":"max-video-preview:-1"},"canonical":"https:\/\/www.optique-schanen.lu\/fr\/nouvelle-marque-superbes-designs\/","og_locale":"fr_FR","og_type":"article","og_title":"Nouvelle marque, superbes designs - Optique Schanen","og_description":"Le parc est n\u00e9 du besoin de jouer, d'essayer et d'\u00eatre cr\u00e9atif. de cr\u00e9er ce terrain de jeu o\u00f9 nous pouvons innover, improviser et prendre des risques, en nous amusant et en cr\u00e9ant des produits nouveaux et pertinents tout en laissant notre imagination s'envoler.","og_url":"https:\/\/www.optique-schanen.lu\/fr\/nouvelle-marque-superbes-designs\/","og_site_name":"Optique Schanen","article_publisher":"https:\/\/www.facebook.com\/people\/Optique-Schanen\/100063674795469\/","article_published_time":"2023-11-08T14:54:26+00:00","article_modified_time":"2024-07-16T09:18:40+00:00","og_image":[{"width":1280,"height":1024,"url":"https:\/\/www.optique-schanen.lu\/wp-content\/uploads\/2023\/11\/LEPARC_AW2023_LOGO_SOCIALMEDIA15.jpg","type":"image\/jpeg"}],"author":"kkremer@time4digital.lu","twitter_card":"summary_large_image","twitter_misc":{"\u00c9crit par":"kkremer@time4digital.lu","Dur\u00e9e de lecture estim\u00e9e":"1 minute"},"schema":{"@context":"https:\/\/schema.org","@graph":[{"@type":"Article","@id":"https:\/\/www.optique-schanen.lu\/fr\/nouvelle-marque-superbes-designs\/#article","isPartOf":{"@id":"https:\/\/www.optique-schanen.lu\/fr\/nouvelle-marque-superbes-designs\/"},"author":{"name":"kkremer@time4digital.lu","@id":"https:\/\/www.optique-schanen.lu\/fr\/#\/schema\/person\/6ccb5feff6bfc18fbc7ae716b3468f1f"},"headline":"Nouvelle marque, superbes designs","datePublished":"2023-11-08T14:54:26+00:00","dateModified":"2024-07-16T09:18:40+00:00","mainEntityOfPage":{"@id":"https:\/\/www.optique-schanen.lu\/fr\/nouvelle-marque-superbes-designs\/"},"wordCount":152,"publisher":{"@id":"https:\/\/www.optique-schanen.lu\/fr\/#organization"},"image":{"@id":"https:\/\/www.optique-schanen.lu\/fr\/nouvelle-marque-superbes-designs\/#primaryimage"},"thumbnailUrl":"https:\/\/www.optique-schanen.lu\/wp-content\/uploads\/2023\/11\/LEPARC_AW2023_LOGO_SOCIALMEDIA15.jpg","articleSection":["Actualit\u00e9s"],"inLanguage":"fr-FR"},{"@type":"WebPage","@id":"https:\/\/www.optique-schanen.lu\/fr\/nouvelle-marque-superbes-designs\/","url":"https:\/\/www.optique-schanen.lu\/fr\/nouvelle-marque-superbes-designs\/","name":"Nouvelle marque, superbes designs - Optique Schanen","isPartOf":{"@id":"https:\/\/www.optique-schanen.lu\/fr\/#website"},"primaryImageOfPage":{"@id":"https:\/\/www.optique-schanen.lu\/fr\/nouvelle-marque-superbes-designs\/#primaryimage"},"image":{"@id":"https:\/\/www.optique-schanen.lu\/fr\/nouvelle-marque-superbes-designs\/#primaryimage"},"thumbnailUrl":"https:\/\/www.optique-schanen.lu\/wp-content\/uploads\/2023\/11\/LEPARC_AW2023_LOGO_SOCIALMEDIA15.jpg","datePublished":"2023-11-08T14:54:26+00:00","dateModified":"2024-07-16T09:18:40+00:00","description":"Le parc est n\u00e9 du besoin de jouer, d'essayer et d'\u00eatre cr\u00e9atif. de cr\u00e9er ce terrain de jeu o\u00f9 nous pouvons innover, improviser et prendre des risques, en nous amusant et en cr\u00e9ant des produits nouveaux et pertinents tout en laissant notre imagination s'envoler.","breadcrumb":{"@id":"https:\/\/www.optique-schanen.lu\/fr\/nouvelle-marque-superbes-designs\/#breadcrumb"},"inLanguage":"fr-FR","potentialAction":[{"@type":"ReadAction","target":["https:\/\/www.optique-schanen.lu\/fr\/nouvelle-marque-superbes-designs\/"]}]},{"@type":"ImageObject","inLanguage":"fr-FR","@id":"https:\/\/www.optique-schanen.lu\/fr\/nouvelle-marque-superbes-designs\/#primaryimage","url":"https:\/\/www.optique-schanen.lu\/wp-content\/uploads\/2023\/11\/LEPARC_AW2023_LOGO_SOCIALMEDIA15.jpg","contentUrl":"https:\/\/www.optique-schanen.lu\/wp-content\/uploads\/2023\/11\/LEPARC_AW2023_LOGO_SOCIALMEDIA15.jpg","width":1280,"height":1024},{"@type":"BreadcrumbList","@id":"https:\/\/www.optique-schanen.lu\/fr\/nouvelle-marque-superbes-designs\/#breadcrumb","itemListElement":[{"@type":"ListItem","position":1,"name":"Startseite","item":"https:\/\/www.optique-schanen.lu\/fr\/"},{"@type":"ListItem","position":2,"name":"Nouvelle marque, superbes designs"}]},{"@type":"WebSite","@id":"https:\/\/www.optique-schanen.lu\/fr\/#website","url":"https:\/\/www.optique-schanen.lu\/fr\/","name":"Optique Schanen","description":"Optique Schanen in Wasserbillig: Ihr freundlicher und kompetenter Optiker in Luxemburg. F\u00fcr klare Sicht und stilvolle Brillen. Besuchen Sie uns!","publisher":{"@id":"https:\/\/www.optique-schanen.lu\/fr\/#organization"},"potentialAction":[{"@type":"SearchAction","target":{"@type":"EntryPoint","urlTemplate":"https:\/\/www.optique-schanen.lu\/fr\/?s={search_term_string}"},"query-input":{"@type":"PropertyValueSpecification","valueRequired":true,"valueName":"search_term_string"}}],"inLanguage":"fr-FR"},{"@type":"Organization","@id":"https:\/\/www.optique-schanen.lu\/fr\/#organization","name":"Optique Schanen","url":"https:\/\/www.optique-schanen.lu\/fr\/","logo":{"@type":"ImageObject","inLanguage":"fr-FR","@id":"https:\/\/www.optique-schanen.lu\/fr\/#\/schema\/logo\/image\/","url":"https:\/\/www.optique-schanen.lu\/wp-content\/uploads\/2023\/09\/seo.jpg","contentUrl":"https:\/\/www.optique-schanen.lu\/wp-content\/uploads\/2023\/09\/seo.jpg","width":1512,"height":1134,"caption":"Optique Schanen"},"image":{"@id":"https:\/\/www.optique-schanen.lu\/fr\/#\/schema\/logo\/image\/"},"sameAs":["https:\/\/www.facebook.com\/people\/Optique-Schanen\/100063674795469\/","https:\/\/www.instagram.com\/optiqueschanen\/"]},{"@type":"Person","@id":"https:\/\/www.optique-schanen.lu\/fr\/#\/schema\/person\/6ccb5feff6bfc18fbc7ae716b3468f1f","name":"kkremer@time4digital.lu","image":{"@type":"ImageObject","inLanguage":"fr-FR","@id":"https:\/\/secure.gravatar.com\/avatar\/5e6ad84f0fd6662cdef793b42e28cdcdbe6a879d62a5dee557d4df3a9a9b22d4?s=96&d=mm&r=g","url":"https:\/\/secure.gravatar.com\/avatar\/5e6ad84f0fd6662cdef793b42e28cdcdbe6a879d62a5dee557d4df3a9a9b22d4?s=96&d=mm&r=g","contentUrl":"https:\/\/secure.gravatar.com\/avatar\/5e6ad84f0fd6662cdef793b42e28cdcdbe6a879d62a5dee557d4df3a9a9b22d4?s=96&d=mm&r=g","caption":"kkremer@time4digital.lu"}}]}},"_links":{"self":[{"href":"https:\/\/www.optique-schanen.lu\/fr\/wp-json\/wp\/v2\/posts\/7185","targetHints":{"allow":["GET"]}}],"collection":[{"href":"https:\/\/www.optique-schanen.lu\/fr\/wp-json\/wp\/v2\/posts"}],"about":[{"href":"https:\/\/www.optique-schanen.lu\/fr\/wp-json\/wp\/v2\/types\/post"}],"author":[{"embeddable":true,"href":"https:\/\/www.optique-schanen.lu\/fr\/wp-json\/wp\/v2\/users\/4"}],"replies":[{"embeddable":true,"href":"https:\/\/www.optique-schanen.lu\/fr\/wp-json\/wp\/v2\/comments?post=7185"}],"version-history":[{"count":0,"href":"https:\/\/www.optique-schanen.lu\/fr\/wp-json\/wp\/v2\/posts\/7185\/revisions"}],"wp:featuredmedia":[{"embeddable":true,"href":"https:\/\/www.optique-schanen.lu\/fr\/wp-json\/wp\/v2\/media\/7216"}],"wp:attachment":[{"href":"https:\/\/www.optique-schanen.lu\/fr\/wp-json\/wp\/v2\/media?parent=7185"}],"wp:term":[{"taxonomy":"category","embeddable":true,"href":"https:\/\/www.optique-schanen.lu\/fr\/wp-json\/wp\/v2\/categories?post=7185"},{"taxonomy":"post_tag","embeddable":true,"href":"https:\/\/www.optique-schanen.lu\/fr\/wp-json\/wp\/v2\/tags?post=7185"}],"curies":[{"name":"wp","href":"https:\/\/api.w.org\/{rel}","templated":true}]}}