{"id":7470,"date":"2024-09-27T08:23:14","date_gmt":"2024-09-27T06:23:14","guid":{"rendered":"https:\/\/www.optique-schanen.lu\/vanguard-kollektion-von-gigi-studios\/"},"modified":"2024-09-27T15:09:53","modified_gmt":"2024-09-27T13:09:53","slug":"vanguard-kollektion-von-gigi-studios","status":"publish","type":"post","link":"https:\/\/www.optique-schanen.lu\/fr\/vanguard-kollektion-von-gigi-studios\/","title":{"rendered":"Collection VANGUARD par GIGI"},"content":{"rendered":"<div class=\"wpb-content-wrapper\" id=\"wpb-content-root\"><p>[vc_row][vc_column][vc_column_text css=\u00a0\u00bb.vc_custom_1727436137753{margin-top: 25px !important;margin-bottom: 25px !important;}\u00a0\u00bb]<\/p>\n<h2 style=\"text-align: center;\">Plongez dans le monde des rituels de chance et des superstitions<\/h2>\n<p>[\/vc_column_text][\/vc_column][\/vc_row][vc_row][vc_column width=\u00a0\u00bb1\/3&Prime;][vc_single_image image=\u00a0\u00bb7447&Prime; img_size=\u00a0\u00bbfull\u00a0\u00bb alignment=\u00a0\u00bbcenter\u00a0\u00bb css=\u00a0\u00bb.vc_custom_1727428117634{border-radius: 1px !important;}\u00a0\u00bb][\/vc_column][vc_column width=\u00a0\u00bb2\/3&Prime;][vc_column_text]La campagne 24\/25 de GIGI STUDIOS, intitul\u00e9e \u00ab Good Luck \u00bb, d\u00e9voile le monde singulier (et tr\u00e8s personnel) des rituels de chance et des superstitions.<br \/>\n<!--more-->[\/vc_column_text][\/vc_column][\/vc_row][vc_row][vc_column][vc_column_text]D\u00e9couvre dans notre collection VANGUARD des d\u00e9grad\u00e9s finement travaill\u00e9s, des silhouettes modernes et d\u00e9licates ainsi que des d\u00e9tails exquis. De plus, nous lan\u00e7ons une version XL de notre mod\u00e8le ICONS Brooks, disponible pour la premi\u00e8re fois en version lunettes de soleil. Notre gamme de montures correctrices pour hommes offre une interpr\u00e9tation fra\u00eeche du style pilote. Nous sommes \u00e9galement heureux de pr\u00e9senter des palettes de couleurs chaudes et terreuses avec des touches de douceur dans les mod\u00e8les XS et un design sp\u00e9cial sans monture dans notre collection Lab.<\/p>\n<p><a href=\"https:\/\/www.optique-schanen.lu\/wp-content\/uploads\/2024\/09\/GIGI-STUDIOS-GOOD-LUCK-DE.pdf\" target=\"_blank\" rel=\"noopener\">T\u00e9l\u00e9charger collection comme PDF (allemand)<\/a>[\/vc_column_text][\/vc_column][\/vc_row][vc_row][vc_column width=\u00a0\u00bb1\/2&Prime;][vc_single_image image=\u00a0\u00bb7453&Prime; img_size=\u00a0\u00bbfull\u00a0\u00bb alignment=\u00a0\u00bbcenter\u00a0\u00bb css=\u00a0\u00bb.vc_custom_1727428125690{border-radius: 15px !important;}\u00a0\u00bb][\/vc_column][vc_column width=\u00a0\u00bb1\/2&Prime;][vc_single_image image=\u00a0\u00bb7458&Prime; img_size=\u00a0\u00bbfull\u00a0\u00bb alignment=\u00a0\u00bbcenter\u00a0\u00bb css=\u00a0\u00bb.vc_custom_1727428132730{border-radius: 15px !important;}\u00a0\u00bb][\/vc_column][\/vc_row]<\/p>\n<\/div>","protected":false},"excerpt":{"rendered":"<p>[vc_row][vc_column][vc_column_text css=\u00a0\u00bb.vc_custom_1727436137753{margin-top: 25px !important;margin-bottom: 25px !important;}\u00a0\u00bb] Plongez dans le monde des rituels de chance et des superstitions [\/vc_column_text][\/vc_column][\/vc_row][vc_row][vc_column width=\u00a0\u00bb1\/3&Prime;][vc_single_image image=\u00a0\u00bb7447&Prime; img_size=\u00a0\u00bbfull\u00a0\u00bb alignment=\u00a0\u00bbcenter\u00a0\u00bb css=\u00a0\u00bb.vc_custom_1727428117634{border-radius: 1px !important;}\u00a0\u00bb][\/vc_column][vc_column width=\u00a0\u00bb2\/3&Prime;][vc_column_text]La campagne 24\/25 de GIGI STUDIOS, intitul\u00e9e \u00ab Good Luck \u00bb, d\u00e9voile le monde singulier (et tr\u00e8s personnel) des rituels de chance et des superstitions.<\/p>\n","protected":false},"author":5,"featured_media":7481,"comment_status":"closed","ping_status":"closed","sticky":false,"template":"","format":"image","meta":{"footnotes":""},"categories":[62],"tags":[72,73,74,75,76,77,78],"class_list":["post-7470","post","type-post","status-publish","format-image","has-post-thumbnail","hentry","category-actualites","tag-brille-fr","tag-brillen-fr","tag-gigi-studio-fr","tag-kollektion-fr","tag-optique-schanen-fr","tag-schanen-fr","tag-vanguard-fr","post_format-post-format-image"],"yoast_head":"<!-- This site is optimized with the Yoast SEO plugin v28.3 - https:\/\/yoast.com\/product\/yoast-seo-wordpress\/ -->\n<title>Collection VANGUARD par GIGI - Optique Schanen<\/title>\n<meta name=\"description\" content=\"La campagne 24\/25 de GIGI STUDIOS, intitul\u00e9e \u00ab Good Luck \u00bb, d\u00e9voile le monde singulier (et tr\u00e8s personnel) des rituels de chance et des superstitions.\" \/>\n<meta name=\"robots\" content=\"index, follow, max-snippet:-1, max-image-preview:large, max-video-preview:-1\" \/>\n<link rel=\"canonical\" href=\"https:\/\/www.optique-schanen.lu\/fr\/vanguard-kollektion-von-gigi-studios\/\" \/>\n<meta property=\"og:locale\" content=\"fr_FR\" \/>\n<meta property=\"og:type\" content=\"article\" \/>\n<meta property=\"og:title\" content=\"Collection VANGUARD par GIGI - Optique Schanen\" \/>\n<meta property=\"og:description\" content=\"La campagne 24\/25 de GIGI STUDIOS, intitul\u00e9e \u00ab Good Luck \u00bb, d\u00e9voile le monde singulier (et tr\u00e8s personnel) des rituels de chance et des superstitions.\" \/>\n<meta property=\"og:url\" content=\"https:\/\/www.optique-schanen.lu\/fr\/vanguard-kollektion-von-gigi-studios\/\" \/>\n<meta property=\"og:site_name\" content=\"Optique Schanen\" \/>\n<meta property=\"article:publisher\" content=\"https:\/\/www.facebook.com\/people\/Optique-Schanen\/100063674795469\/\" \/>\n<meta property=\"article:published_time\" content=\"2024-09-27T06:23:14+00:00\" \/>\n<meta property=\"article:modified_time\" content=\"2024-09-27T13:09:53+00:00\" \/>\n<meta property=\"og:image\" content=\"https:\/\/www.optique-schanen.lu\/wp-content\/uploads\/2024\/09\/gigi-vanguard.jpg\" \/>\n\t<meta property=\"og:image:width\" content=\"876\" \/>\n\t<meta property=\"og:image:height\" content=\"1168\" \/>\n\t<meta property=\"og:image:type\" content=\"image\/jpeg\" \/>\n<meta name=\"author\" content=\"dev dev\" \/>\n<meta name=\"twitter:card\" content=\"summary_large_image\" \/>\n<meta name=\"twitter:label1\" content=\"\u00c9crit par\" \/>\n\t<meta name=\"twitter:data1\" content=\"dev dev\" \/>\n\t<meta name=\"twitter:label2\" content=\"Dur\u00e9e de lecture estim\u00e9e\" \/>\n\t<meta name=\"twitter:data2\" content=\"2 minutes\" \/>\n<script type=\"application\/ld+json\" class=\"yoast-schema-graph\">{\"@context\":\"https:\\\/\\\/schema.org\",\"@graph\":[{\"@type\":\"Article\",\"@id\":\"https:\\\/\\\/www.optique-schanen.lu\\\/fr\\\/vanguard-kollektion-von-gigi-studios\\\/#article\",\"isPartOf\":{\"@id\":\"https:\\\/\\\/www.optique-schanen.lu\\\/fr\\\/vanguard-kollektion-von-gigi-studios\\\/\"},\"author\":{\"name\":\"dev dev\",\"@id\":\"https:\\\/\\\/www.optique-schanen.lu\\\/fr\\\/#\\\/schema\\\/person\\\/bcd673a90dcf6c90d6ce9a9621af8247\"},\"headline\":\"Collection VANGUARD par GIGI\",\"datePublished\":\"2024-09-27T06:23:14+00:00\",\"dateModified\":\"2024-09-27T13:09:53+00:00\",\"mainEntityOfPage\":{\"@id\":\"https:\\\/\\\/www.optique-schanen.lu\\\/fr\\\/vanguard-kollektion-von-gigi-studios\\\/\"},\"wordCount\":264,\"publisher\":{\"@id\":\"https:\\\/\\\/www.optique-schanen.lu\\\/fr\\\/#organization\"},\"image\":{\"@id\":\"https:\\\/\\\/www.optique-schanen.lu\\\/fr\\\/vanguard-kollektion-von-gigi-studios\\\/#primaryimage\"},\"thumbnailUrl\":\"https:\\\/\\\/www.optique-schanen.lu\\\/wp-content\\\/uploads\\\/2024\\\/09\\\/gigi-vanguard.jpg\",\"keywords\":[\"Brille\",\"Brillen\",\"GIGI STUDIO\",\"Kollektion\",\"Optique Schanen\",\"Schanen\",\"Vanguard\"],\"articleSection\":[\"Actualit\u00e9s\"],\"inLanguage\":\"fr-FR\"},{\"@type\":\"WebPage\",\"@id\":\"https:\\\/\\\/www.optique-schanen.lu\\\/fr\\\/vanguard-kollektion-von-gigi-studios\\\/\",\"url\":\"https:\\\/\\\/www.optique-schanen.lu\\\/fr\\\/vanguard-kollektion-von-gigi-studios\\\/\",\"name\":\"Collection VANGUARD par GIGI - Optique Schanen\",\"isPartOf\":{\"@id\":\"https:\\\/\\\/www.optique-schanen.lu\\\/fr\\\/#website\"},\"primaryImageOfPage\":{\"@id\":\"https:\\\/\\\/www.optique-schanen.lu\\\/fr\\\/vanguard-kollektion-von-gigi-studios\\\/#primaryimage\"},\"image\":{\"@id\":\"https:\\\/\\\/www.optique-schanen.lu\\\/fr\\\/vanguard-kollektion-von-gigi-studios\\\/#primaryimage\"},\"thumbnailUrl\":\"https:\\\/\\\/www.optique-schanen.lu\\\/wp-content\\\/uploads\\\/2024\\\/09\\\/gigi-vanguard.jpg\",\"datePublished\":\"2024-09-27T06:23:14+00:00\",\"dateModified\":\"2024-09-27T13:09:53+00:00\",\"description\":\"La campagne 24\\\/25 de GIGI STUDIOS, intitul\u00e9e \u00ab Good Luck \u00bb, d\u00e9voile le monde singulier (et tr\u00e8s personnel) des rituels de chance et des superstitions.\",\"breadcrumb\":{\"@id\":\"https:\\\/\\\/www.optique-schanen.lu\\\/fr\\\/vanguard-kollektion-von-gigi-studios\\\/#breadcrumb\"},\"inLanguage\":\"fr-FR\",\"potentialAction\":[{\"@type\":\"ReadAction\",\"target\":[\"https:\\\/\\\/www.optique-schanen.lu\\\/fr\\\/vanguard-kollektion-von-gigi-studios\\\/\"]}]},{\"@type\":\"ImageObject\",\"inLanguage\":\"fr-FR\",\"@id\":\"https:\\\/\\\/www.optique-schanen.lu\\\/fr\\\/vanguard-kollektion-von-gigi-studios\\\/#primaryimage\",\"url\":\"https:\\\/\\\/www.optique-schanen.lu\\\/wp-content\\\/uploads\\\/2024\\\/09\\\/gigi-vanguard.jpg\",\"contentUrl\":\"https:\\\/\\\/www.optique-schanen.lu\\\/wp-content\\\/uploads\\\/2024\\\/09\\\/gigi-vanguard.jpg\",\"width\":876,\"height\":1168,\"caption\":\"Vanguard Collection by GIGI STUDIOS\"},{\"@type\":\"BreadcrumbList\",\"@id\":\"https:\\\/\\\/www.optique-schanen.lu\\\/fr\\\/vanguard-kollektion-von-gigi-studios\\\/#breadcrumb\",\"itemListElement\":[{\"@type\":\"ListItem\",\"position\":1,\"name\":\"Startseite\",\"item\":\"https:\\\/\\\/www.optique-schanen.lu\\\/fr\\\/\"},{\"@type\":\"ListItem\",\"position\":2,\"name\":\"Collection VANGUARD par GIGI\"}]},{\"@type\":\"WebSite\",\"@id\":\"https:\\\/\\\/www.optique-schanen.lu\\\/fr\\\/#website\",\"url\":\"https:\\\/\\\/www.optique-schanen.lu\\\/fr\\\/\",\"name\":\"Optique Schanen\",\"description\":\"Optique Schanen in Wasserbillig: Ihr freundlicher und kompetenter Optiker in Luxemburg. F\u00fcr klare Sicht und stilvolle Brillen. Besuchen Sie uns!\",\"publisher\":{\"@id\":\"https:\\\/\\\/www.optique-schanen.lu\\\/fr\\\/#organization\"},\"potentialAction\":[{\"@type\":\"SearchAction\",\"target\":{\"@type\":\"EntryPoint\",\"urlTemplate\":\"https:\\\/\\\/www.optique-schanen.lu\\\/fr\\\/?s={search_term_string}\"},\"query-input\":{\"@type\":\"PropertyValueSpecification\",\"valueRequired\":true,\"valueName\":\"search_term_string\"}}],\"inLanguage\":\"fr-FR\"},{\"@type\":\"Organization\",\"@id\":\"https:\\\/\\\/www.optique-schanen.lu\\\/fr\\\/#organization\",\"name\":\"Optique Schanen\",\"url\":\"https:\\\/\\\/www.optique-schanen.lu\\\/fr\\\/\",\"logo\":{\"@type\":\"ImageObject\",\"inLanguage\":\"fr-FR\",\"@id\":\"https:\\\/\\\/www.optique-schanen.lu\\\/fr\\\/#\\\/schema\\\/logo\\\/image\\\/\",\"url\":\"https:\\\/\\\/www.optique-schanen.lu\\\/wp-content\\\/uploads\\\/2023\\\/09\\\/seo.jpg\",\"contentUrl\":\"https:\\\/\\\/www.optique-schanen.lu\\\/wp-content\\\/uploads\\\/2023\\\/09\\\/seo.jpg\",\"width\":1512,\"height\":1134,\"caption\":\"Optique Schanen\"},\"image\":{\"@id\":\"https:\\\/\\\/www.optique-schanen.lu\\\/fr\\\/#\\\/schema\\\/logo\\\/image\\\/\"},\"sameAs\":[\"https:\\\/\\\/www.facebook.com\\\/people\\\/Optique-Schanen\\\/100063674795469\\\/\",\"https:\\\/\\\/www.instagram.com\\\/optiqueschanen\\\/\"]},{\"@type\":\"Person\",\"@id\":\"https:\\\/\\\/www.optique-schanen.lu\\\/fr\\\/#\\\/schema\\\/person\\\/bcd673a90dcf6c90d6ce9a9621af8247\",\"name\":\"dev dev\",\"image\":{\"@type\":\"ImageObject\",\"inLanguage\":\"fr-FR\",\"@id\":\"https:\\\/\\\/secure.gravatar.com\\\/avatar\\\/55571eccca79c0a4884aed7a376bb7e6b296360c6e636d9dd22ad970c738777b?s=96&d=mm&r=g\",\"url\":\"https:\\\/\\\/secure.gravatar.com\\\/avatar\\\/55571eccca79c0a4884aed7a376bb7e6b296360c6e636d9dd22ad970c738777b?s=96&d=mm&r=g\",\"contentUrl\":\"https:\\\/\\\/secure.gravatar.com\\\/avatar\\\/55571eccca79c0a4884aed7a376bb7e6b296360c6e636d9dd22ad970c738777b?s=96&d=mm&r=g\",\"caption\":\"dev dev\"}}]}<\/script>\n<!-- \/ Yoast SEO plugin. -->","yoast_head_json":{"title":"Collection VANGUARD par GIGI - Optique Schanen","description":"La campagne 24\/25 de GIGI STUDIOS, intitul\u00e9e \u00ab Good Luck \u00bb, d\u00e9voile le monde singulier (et tr\u00e8s personnel) des rituels de chance et des superstitions.","robots":{"index":"index","follow":"follow","max-snippet":"max-snippet:-1","max-image-preview":"max-image-preview:large","max-video-preview":"max-video-preview:-1"},"canonical":"https:\/\/www.optique-schanen.lu\/fr\/vanguard-kollektion-von-gigi-studios\/","og_locale":"fr_FR","og_type":"article","og_title":"Collection VANGUARD par GIGI - Optique Schanen","og_description":"La campagne 24\/25 de GIGI STUDIOS, intitul\u00e9e \u00ab Good Luck \u00bb, d\u00e9voile le monde singulier (et tr\u00e8s personnel) des rituels de chance et des superstitions.","og_url":"https:\/\/www.optique-schanen.lu\/fr\/vanguard-kollektion-von-gigi-studios\/","og_site_name":"Optique Schanen","article_publisher":"https:\/\/www.facebook.com\/people\/Optique-Schanen\/100063674795469\/","article_published_time":"2024-09-27T06:23:14+00:00","article_modified_time":"2024-09-27T13:09:53+00:00","og_image":[{"width":876,"height":1168,"url":"https:\/\/www.optique-schanen.lu\/wp-content\/uploads\/2024\/09\/gigi-vanguard.jpg","type":"image\/jpeg"}],"author":"dev dev","twitter_card":"summary_large_image","twitter_misc":{"\u00c9crit par":"dev dev","Dur\u00e9e de lecture estim\u00e9e":"2 minutes"},"schema":{"@context":"https:\/\/schema.org","@graph":[{"@type":"Article","@id":"https:\/\/www.optique-schanen.lu\/fr\/vanguard-kollektion-von-gigi-studios\/#article","isPartOf":{"@id":"https:\/\/www.optique-schanen.lu\/fr\/vanguard-kollektion-von-gigi-studios\/"},"author":{"name":"dev dev","@id":"https:\/\/www.optique-schanen.lu\/fr\/#\/schema\/person\/bcd673a90dcf6c90d6ce9a9621af8247"},"headline":"Collection VANGUARD par GIGI","datePublished":"2024-09-27T06:23:14+00:00","dateModified":"2024-09-27T13:09:53+00:00","mainEntityOfPage":{"@id":"https:\/\/www.optique-schanen.lu\/fr\/vanguard-kollektion-von-gigi-studios\/"},"wordCount":264,"publisher":{"@id":"https:\/\/www.optique-schanen.lu\/fr\/#organization"},"image":{"@id":"https:\/\/www.optique-schanen.lu\/fr\/vanguard-kollektion-von-gigi-studios\/#primaryimage"},"thumbnailUrl":"https:\/\/www.optique-schanen.lu\/wp-content\/uploads\/2024\/09\/gigi-vanguard.jpg","keywords":["Brille","Brillen","GIGI STUDIO","Kollektion","Optique Schanen","Schanen","Vanguard"],"articleSection":["Actualit\u00e9s"],"inLanguage":"fr-FR"},{"@type":"WebPage","@id":"https:\/\/www.optique-schanen.lu\/fr\/vanguard-kollektion-von-gigi-studios\/","url":"https:\/\/www.optique-schanen.lu\/fr\/vanguard-kollektion-von-gigi-studios\/","name":"Collection VANGUARD par GIGI - Optique Schanen","isPartOf":{"@id":"https:\/\/www.optique-schanen.lu\/fr\/#website"},"primaryImageOfPage":{"@id":"https:\/\/www.optique-schanen.lu\/fr\/vanguard-kollektion-von-gigi-studios\/#primaryimage"},"image":{"@id":"https:\/\/www.optique-schanen.lu\/fr\/vanguard-kollektion-von-gigi-studios\/#primaryimage"},"thumbnailUrl":"https:\/\/www.optique-schanen.lu\/wp-content\/uploads\/2024\/09\/gigi-vanguard.jpg","datePublished":"2024-09-27T06:23:14+00:00","dateModified":"2024-09-27T13:09:53+00:00","description":"La campagne 24\/25 de GIGI STUDIOS, intitul\u00e9e \u00ab Good Luck \u00bb, d\u00e9voile le monde singulier (et tr\u00e8s personnel) des rituels de chance et des superstitions.","breadcrumb":{"@id":"https:\/\/www.optique-schanen.lu\/fr\/vanguard-kollektion-von-gigi-studios\/#breadcrumb"},"inLanguage":"fr-FR","potentialAction":[{"@type":"ReadAction","target":["https:\/\/www.optique-schanen.lu\/fr\/vanguard-kollektion-von-gigi-studios\/"]}]},{"@type":"ImageObject","inLanguage":"fr-FR","@id":"https:\/\/www.optique-schanen.lu\/fr\/vanguard-kollektion-von-gigi-studios\/#primaryimage","url":"https:\/\/www.optique-schanen.lu\/wp-content\/uploads\/2024\/09\/gigi-vanguard.jpg","contentUrl":"https:\/\/www.optique-schanen.lu\/wp-content\/uploads\/2024\/09\/gigi-vanguard.jpg","width":876,"height":1168,"caption":"Vanguard Collection by GIGI STUDIOS"},{"@type":"BreadcrumbList","@id":"https:\/\/www.optique-schanen.lu\/fr\/vanguard-kollektion-von-gigi-studios\/#breadcrumb","itemListElement":[{"@type":"ListItem","position":1,"name":"Startseite","item":"https:\/\/www.optique-schanen.lu\/fr\/"},{"@type":"ListItem","position":2,"name":"Collection VANGUARD par GIGI"}]},{"@type":"WebSite","@id":"https:\/\/www.optique-schanen.lu\/fr\/#website","url":"https:\/\/www.optique-schanen.lu\/fr\/","name":"Optique Schanen","description":"Optique Schanen in Wasserbillig: Ihr freundlicher und kompetenter Optiker in Luxemburg. F\u00fcr klare Sicht und stilvolle Brillen. Besuchen Sie uns!","publisher":{"@id":"https:\/\/www.optique-schanen.lu\/fr\/#organization"},"potentialAction":[{"@type":"SearchAction","target":{"@type":"EntryPoint","urlTemplate":"https:\/\/www.optique-schanen.lu\/fr\/?s={search_term_string}"},"query-input":{"@type":"PropertyValueSpecification","valueRequired":true,"valueName":"search_term_string"}}],"inLanguage":"fr-FR"},{"@type":"Organization","@id":"https:\/\/www.optique-schanen.lu\/fr\/#organization","name":"Optique Schanen","url":"https:\/\/www.optique-schanen.lu\/fr\/","logo":{"@type":"ImageObject","inLanguage":"fr-FR","@id":"https:\/\/www.optique-schanen.lu\/fr\/#\/schema\/logo\/image\/","url":"https:\/\/www.optique-schanen.lu\/wp-content\/uploads\/2023\/09\/seo.jpg","contentUrl":"https:\/\/www.optique-schanen.lu\/wp-content\/uploads\/2023\/09\/seo.jpg","width":1512,"height":1134,"caption":"Optique Schanen"},"image":{"@id":"https:\/\/www.optique-schanen.lu\/fr\/#\/schema\/logo\/image\/"},"sameAs":["https:\/\/www.facebook.com\/people\/Optique-Schanen\/100063674795469\/","https:\/\/www.instagram.com\/optiqueschanen\/"]},{"@type":"Person","@id":"https:\/\/www.optique-schanen.lu\/fr\/#\/schema\/person\/bcd673a90dcf6c90d6ce9a9621af8247","name":"dev dev","image":{"@type":"ImageObject","inLanguage":"fr-FR","@id":"https:\/\/secure.gravatar.com\/avatar\/55571eccca79c0a4884aed7a376bb7e6b296360c6e636d9dd22ad970c738777b?s=96&d=mm&r=g","url":"https:\/\/secure.gravatar.com\/avatar\/55571eccca79c0a4884aed7a376bb7e6b296360c6e636d9dd22ad970c738777b?s=96&d=mm&r=g","contentUrl":"https:\/\/secure.gravatar.com\/avatar\/55571eccca79c0a4884aed7a376bb7e6b296360c6e636d9dd22ad970c738777b?s=96&d=mm&r=g","caption":"dev dev"}}]}},"_links":{"self":[{"href":"https:\/\/www.optique-schanen.lu\/fr\/wp-json\/wp\/v2\/posts\/7470","targetHints":{"allow":["GET"]}}],"collection":[{"href":"https:\/\/www.optique-schanen.lu\/fr\/wp-json\/wp\/v2\/posts"}],"about":[{"href":"https:\/\/www.optique-schanen.lu\/fr\/wp-json\/wp\/v2\/types\/post"}],"author":[{"embeddable":true,"href":"https:\/\/www.optique-schanen.lu\/fr\/wp-json\/wp\/v2\/users\/5"}],"replies":[{"embeddable":true,"href":"https:\/\/www.optique-schanen.lu\/fr\/wp-json\/wp\/v2\/comments?post=7470"}],"version-history":[{"count":4,"href":"https:\/\/www.optique-schanen.lu\/fr\/wp-json\/wp\/v2\/posts\/7470\/revisions"}],"predecessor-version":[{"id":7478,"href":"https:\/\/www.optique-schanen.lu\/fr\/wp-json\/wp\/v2\/posts\/7470\/revisions\/7478"}],"wp:featuredmedia":[{"embeddable":true,"href":"https:\/\/www.optique-schanen.lu\/fr\/wp-json\/wp\/v2\/media\/7481"}],"wp:attachment":[{"href":"https:\/\/www.optique-schanen.lu\/fr\/wp-json\/wp\/v2\/media?parent=7470"}],"wp:term":[{"taxonomy":"category","embeddable":true,"href":"https:\/\/www.optique-schanen.lu\/fr\/wp-json\/wp\/v2\/categories?post=7470"},{"taxonomy":"post_tag","embeddable":true,"href":"https:\/\/www.optique-schanen.lu\/fr\/wp-json\/wp\/v2\/tags?post=7470"}],"curies":[{"name":"wp","href":"https:\/\/api.w.org\/{rel}","templated":true}]}}